{"id":17125,"date":"2024-02-02T11:13:19","date_gmt":"2024-02-02T14:13:19","guid":{"rendered":"https:\/\/maxradio923.com.ar\/index.php\/2024\/02\/02\/ultimos-dias-para-inscripcion-virtual-al-registro-de-artesanos-y-manualistas\/"},"modified":"2024-02-02T11:13:19","modified_gmt":"2024-02-02T14:13:19","slug":"ultimos-dias-para-inscripcion-virtual-al-registro-de-artesanos-y-manualistas","status":"publish","type":"post","link":"https:\/\/maxradio923.com.ar\/index.php\/2024\/02\/02\/ultimos-dias-para-inscripcion-virtual-al-registro-de-artesanos-y-manualistas\/","title":{"rendered":"\u00daltimos d\u00edas para inscripci\u00f3n virtual al Registro de Artesanos y Manualistas"},"content":{"rendered":"<p><img decoding=\"async\" src=\"https:\/\/diariod3.com\/wp-content\/uploads\/2024\/02\/5f8718a2f3760ea641b0f7d1f5c788a2_L-750x430-1.webp\"\/>        La Secretar\u00eda de Cultura, Turismo y Educaci\u00f3n de la Municipalidad de la Ciudad de San Juan cierra registros el 15 de febrero para artesanos y emprendedores.      <img decoding=\"async\" src=\"https:\/\/municipiosanjuan.gob.ar\/media\/k2\/items\/cache\/5f8718a2f3760ea641b0f7d1f5c788a2_L.jpg\" alt=\"\u00daltimos d\u00edas para inscripci\u00f3n virtual al Registro de Artesanos y Manualistas\"\/>     <\/p>\n<p><strong>La Secretar\u00eda de Cultura, Turismo y Educaci\u00f3n de la Municipalidad de la Ciudad de San Juan lanz\u00f3 una convocatoria para artesanos, manualistas y emprendedores de la provincia<\/strong>. Con el objetivo de impulsar y promover el talento local, se ha establecido un plazo l\u00edmite hasta el jueves 15 de febrero para la inscripci\u00f3n virtual en el Registro para Artesanos y Espacios Culturales.<\/p>\n<p>Los interesados deber\u00e1n <strong>acceder al enlace https:\/\/forms.gle\/uSoGXmQxgNTazSPa8 y completar el formulario<\/strong> con los datos personales requeridos. Adem\u00e1s, se solicita la presentaci\u00f3n de documentaci\u00f3n complementaria que incluye una fotocopia del DNI, fotograf\u00edas de los productos y certificaciones probatorias correspondientes.<\/p>\n<p>Una vez recibidas las inscripciones, se crear\u00e1 una comisi\u00f3n integrada por representantes id\u00f3neos. Esta comisi\u00f3n se encargar\u00e1 de verificar los datos proporcionados, asegurando la autenticidad de la autor\u00eda de los productos presentados. Adem\u00e1s, se comprometer\u00e1 a brindar orientaci\u00f3n a los artesanos para mejorar la calidad y presentaci\u00f3n de sus piezas.<\/p>\n<p>Los interesados <strong>tienen tiempo hasta el 15 de febrero para completar su registro<\/strong> y ser parte de esta oportunidad para destacar en el mundo de las artesan\u00edas y manualidades.<\/p>\n<p>La entrada \u00daltimos d\u00edas para inscripci\u00f3n virtual al Registro de Artesanos y Manualistas se public\u00f3 primero en DIARIO D3 NOTICIAS | SAN JUAN ARGENTINA.<\/p>\n","protected":false},"excerpt":{"rendered":"<p>La Secretar\u00eda de Cultura, Turismo y Educaci\u00f3n de la Municipalidad de la Ciudad de San Juan cierra registros el 15 de febrero para artesanos y emprendedores. La Secretar\u00eda de Cultura, Turismo y Educaci\u00f3n de la Municipalidad de la Ciudad de San Juan lanz\u00f3 una convocatoria para artesanos, manualistas y emprendedores de la provincia. Con el objetivo de impulsar y promover el talento local, se ha establecido un plazo l\u00edmite hasta el jueves 15 de febrero para la inscripci\u00f3n virtual en el Registro para Artesanos y Espacios Culturales.<br \/>\n Los interesados deber\u00e1n acceder al enlace https:\/\/forms.gle\/uSoGXmQxgNTazSPa8 y completar el formulario con los datos personales requeridos. Adem\u00e1s, se solicita la presentaci\u00f3n de documentaci\u00f3n complementaria que incluye una fotocopia del DNI, fotograf\u00edas de los productos y certificaciones probatorias correspondientes.<br \/>\n Una vez recibidas las inscripciones, se crear\u00e1 una comisi\u00f3n integrada por representantes id\u00f3neos. Esta comisi\u00f3n se encargar\u00e1 de verificar los d..<\/p>\n","protected":false},"author":2,"featured_media":17126,"comment_status":"","ping_status":"","sticky":false,"template":"","format":"standard","meta":{"footnotes":""},"categories":[10],"tags":[],"_links":{"self":[{"href":"https:\/\/maxradio923.com.ar\/index.php\/wp-json\/wp\/v2\/posts\/17125"}],"collection":[{"href":"https:\/\/maxradio923.com.ar\/index.php\/wp-json\/wp\/v2\/posts"}],"about":[{"href":"https:\/\/maxradio923.com.ar\/index.php\/wp-json\/wp\/v2\/types\/post"}],"author":[{"embeddable":true,"href":"https:\/\/maxradio923.com.ar\/index.php\/wp-json\/wp\/v2\/users\/2"}],"replies":[{"embeddable":true,"href":"https:\/\/maxradio923.com.ar\/index.php\/wp-json\/wp\/v2\/comments?post=17125"}],"version-history":[{"count":0,"href":"https:\/\/maxradio923.com.ar\/index.php\/wp-json\/wp\/v2\/posts\/17125\/revisions"}],"wp:featuredmedia":[{"embeddable":true,"href":"https:\/\/maxradio923.com.ar\/index.php\/wp-json\/wp\/v2\/media\/17126"}],"wp:attachment":[{"href":"https:\/\/maxradio923.com.ar\/index.php\/wp-json\/wp\/v2\/media?parent=17125"}],"wp:term":[{"taxonomy":"category","embeddable":true,"href":"https:\/\/maxradio923.com.ar\/index.php\/wp-json\/wp\/v2\/categories?post=17125"},{"taxonomy":"post_tag","embeddable":true,"href":"https:\/\/maxradio923.com.ar\/index.php\/wp-json\/wp\/v2\/tags?post=17125"}],"curies":[{"name":"wp","href":"https:\/\/api.w.org\/{rel}","templated":true}]}}