{"id":17121,"date":"2024-02-02T11:13:14","date_gmt":"2024-02-02T14:13:14","guid":{"rendered":"https:\/\/maxradio923.com.ar\/index.php\/2024\/02\/02\/polemica-un-encuestador-k-hizo-un-indice-de-casta-y-le-da-a-javier-milei-un-numero-altisimo\/"},"modified":"2024-02-02T11:13:14","modified_gmt":"2024-02-02T14:13:14","slug":"polemica-un-encuestador-k-hizo-un-indice-de-casta-y-le-da-a-javier-milei-un-numero-altisimo","status":"publish","type":"post","link":"https:\/\/maxradio923.com.ar\/index.php\/2024\/02\/02\/polemica-un-encuestador-k-hizo-un-indice-de-casta-y-le-da-a-javier-milei-un-numero-altisimo\/","title":{"rendered":"Pol\u00e9mica: un encuestador K hizo un &#8220;Indice de Casta&#8221; y le da a Javier Milei un n\u00famero alt\u00edsimo"},"content":{"rendered":"<ul>\n<li>Es el espa\u00f1ol Alfredo Serrano Mancilla, del centro de estudios Celag.<\/li>\n<li>Evalu\u00f3 a 78 funcionarios del Gobierno nacional. <\/li>\n<\/ul>\n","protected":false},"excerpt":{"rendered":"<p>Es el espa\u00f1ol Alfredo Serrano Mancilla, del centro de estudios Celag.Evalu\u00f3 a 78 funcionarios del Gobierno nacional.<\/p>\n","protected":false},"author":2,"featured_media":17122,"comment_status":"","ping_status":"","sticky":false,"template":"","format":"standard","meta":{"footnotes":""},"categories":[7],"tags":[],"_links":{"self":[{"href":"https:\/\/maxradio923.com.ar\/index.php\/wp-json\/wp\/v2\/posts\/17121"}],"collection":[{"href":"https:\/\/maxradio923.com.ar\/index.php\/wp-json\/wp\/v2\/posts"}],"about":[{"href":"https:\/\/maxradio923.com.ar\/index.php\/wp-json\/wp\/v2\/types\/post"}],"author":[{"embeddable":true,"href":"https:\/\/maxradio923.com.ar\/index.php\/wp-json\/wp\/v2\/users\/2"}],"replies":[{"embeddable":true,"href":"https:\/\/maxradio923.com.ar\/index.php\/wp-json\/wp\/v2\/comments?post=17121"}],"version-history":[{"count":0,"href":"https:\/\/maxradio923.com.ar\/index.php\/wp-json\/wp\/v2\/posts\/17121\/revisions"}],"wp:featuredmedia":[{"embeddable":true,"href":"https:\/\/maxradio923.com.ar\/index.php\/wp-json\/wp\/v2\/media\/17122"}],"wp:attachment":[{"href":"https:\/\/maxradio923.com.ar\/index.php\/wp-json\/wp\/v2\/media?parent=17121"}],"wp:term":[{"taxonomy":"category","embeddable":true,"href":"https:\/\/maxradio923.com.ar\/index.php\/wp-json\/wp\/v2\/categories?post=17121"},{"taxonomy":"post_tag","embeddable":true,"href":"https:\/\/maxradio923.com.ar\/index.php\/wp-json\/wp\/v2\/tags?post=17121"}],"curies":[{"name":"wp","href":"https:\/\/api.w.org\/{rel}","templated":true}]}}