{"id":17073,"date":"2024-02-02T11:06:26","date_gmt":"2024-02-02T14:06:26","guid":{"rendered":"https:\/\/maxradio923.com.ar\/index.php\/2024\/02\/02\/marcelo-orrego-el-litio-es-tactico-pero-el-cobre-es-estrategico\/"},"modified":"2024-02-02T11:06:26","modified_gmt":"2024-02-02T14:06:26","slug":"marcelo-orrego-el-litio-es-tactico-pero-el-cobre-es-estrategico","status":"publish","type":"post","link":"https:\/\/maxradio923.com.ar\/index.php\/2024\/02\/02\/marcelo-orrego-el-litio-es-tactico-pero-el-cobre-es-estrategico\/","title":{"rendered":"Marcelo Orrego: \u201cEl litio es t\u00e1ctico pero el cobre es estrat\u00e9gico\u201d."},"content":{"rendered":"<p><img decoding=\"async\" src=\"https:\/\/diariod3.com\/wp-content\/uploads\/2024\/02\/1ff921cc8ac30e8eeace57b6922eb825_L.jpg\"\/> En el marco del Encuentro Argentino-Alema\u0301n de Minerales cri\u0301ticos que tuvo lugar en la Embajada Argentina en Berli\u0301n, el<strong> gobernador Marcelo Orrego,<\/strong> junto a la secretaria de Miner\u00eda de Naci\u00f3n, Flavia Roy\u00f3n y gobernadores de Jujuy, Salta y Catamarca, presentaron las capacidades del pa\u00eds como proveedor seguro, confiable y sostenible de la industria minera y de minerales cri\u0301ticos ante una audiencia presencial de ma\u0301s de 140 inversores, poli\u0301ticos y referentes del sector minero y de la transicio\u0301n energe\u0301tica alemana. En este contexto, el <strong>gobernador Orrego resalt\u00f3 la importancia del cobre en el posicionamiento de las explotaciones mineras.<\/strong>           <img decoding=\"async\" src=\"https:\/\/sisanjuan.b-cdn.net\/media\/k2\/items\/cache\/1ff921cc8ac30e8eeace57b6922eb825_L.jpg\" alt=\"El gobernador Orrego en Alemania destac\u00f3 el enorme potencial minero de San Juan\"\/>    <\/p>\n<p>Este evento fue organizado por la embajada argentina en Alemania y tiene que ver con acuerdos previos entre ambos pa\u00edses, conjuntamente con la Comunidad Econ\u00f3mica Europea en general y la Argentina sobre la exploraci\u00f3n y explotaci\u00f3n de minerales cr\u00edticos, entre los cuales fundamentalmente tienen al cobre y al litio, tambi\u00e9n como minerales que Alemania necesita para su abastecimiento.<\/p>\n<p>La misi\u00f3n comercial a la Uni\u00f3n Europea est\u00e1 integrada, adem\u00e1s, por los gobernadores de la Mesa de Litio, Gustavo S\u00e1enz, de Salta; Carlos Sadir, de Jujuy y Ra\u00fal Jalil, de Catamarca.<\/p>\n<p>Cabe destacar que la presentaci\u00f3n ante potenciales inversores de la riqueza geol\u00f3gica de la provincia de San Juan tiene el objetivo de atraer capitales de la Uni\u00f3n Europea en proyectos de cobre y litio, entre otros minerales estrat\u00e9gicos para la transici\u00f3n energ\u00e9tica hacia la que se encamina el mundo. En este contexto, Orrego dijo que <strong>\u201cel litio es t\u00e1ctico pero el cobre es estrat\u00e9gico\u201d.<\/strong><\/p>\n<p>San Juan integr\u00f3 el panel de provincias que presentaron el encuadre legal, los incentivos y el potencial de sus provincias para el desarrollo de proyectos mineros, transmitiendo el compromiso de Argentina para consolidarse como un proveedor seguro y confiable en el naciente mercado global de la transici\u00f3n energ\u00e9tica a partir de desarrollo de nuevas capacidades productivas en las provincias que son origen del recurso.<\/p>\n<p>La provincia de San Juan est\u00e1 en el centro de los planes de negocios alemanes a parte del proyecto Josemar\u00eda, y otros como Proyecto Los Azules de McEwen. Esto fue resaltado por el gobernador Orrego, quien record\u00f3 la importancia de la licencia social en la explotaci\u00f3n minera as\u00ed como la importancia de la seguridad jur\u00eddica y reglas de juego claras que permitan seguir atrayendo nuevas inversiones. Para finalizar record\u00f3 \u201cel enorme potencial de la explotaci\u00f3n de cobre en la provincia que hoy cuenta con 5 proyectos en marcha, lo que la posiciona como referente mundial en el tema\u201d.<\/p>\n<p>La entrada Marcelo Orrego: \u201cEl litio es t\u00e1ctico pero el cobre es estrat\u00e9gico\u201d. se public\u00f3 primero en DIARIO D3 NOTICIAS | SAN JUAN ARGENTINA.<\/p>\n","protected":false},"excerpt":{"rendered":"<p>En el marco del Encuentro Argentino-Alema\u0301n de Minerales cri\u0301ticos que tuvo lugar en la Embajada Argentina en Berli\u0301n, el gobernador Marcelo Orrego, junto a la secretaria de Miner\u00eda de Naci\u00f3n, Flavia Roy\u00f3n y gobernadores de Jujuy, Salta y Catamarca, presentaron las capacidades del pa\u00eds como proveedor seguro, confiable y sostenible de la industria minera y de minerales cri\u0301ticos ante una audiencia presencial de ma\u0301s de 140 inversores, poli\u0301ticos y referentes del sector minero y de la transicio\u0301n energe\u0301tica alemana. En este contexto, el gobernador Orrego resalt\u00f3 la importancia del cobre en el posicionamiento de las explotaciones mineras. Este evento fue organizado por la embajada argentina en Alemania y tiene que ver con acuerdos previos entre ambos pa\u00edses, conjuntamente con la Comunidad Econ\u00f3mica Europea en general y la Argentina sobre la exploraci\u00f3n y explotaci\u00f3n de minerales cr\u00edticos, entre los cuales fundamentalmente tienen al cobre y al litio, tambi\u00e9n como minerales que Alemania ne..<\/p>\n","protected":false},"author":2,"featured_media":17074,"comment_status":"","ping_status":"","sticky":false,"template":"","format":"standard","meta":{"footnotes":""},"categories":[8],"tags":[],"_links":{"self":[{"href":"https:\/\/maxradio923.com.ar\/index.php\/wp-json\/wp\/v2\/posts\/17073"}],"collection":[{"href":"https:\/\/maxradio923.com.ar\/index.php\/wp-json\/wp\/v2\/posts"}],"about":[{"href":"https:\/\/maxradio923.com.ar\/index.php\/wp-json\/wp\/v2\/types\/post"}],"author":[{"embeddable":true,"href":"https:\/\/maxradio923.com.ar\/index.php\/wp-json\/wp\/v2\/users\/2"}],"replies":[{"embeddable":true,"href":"https:\/\/maxradio923.com.ar\/index.php\/wp-json\/wp\/v2\/comments?post=17073"}],"version-history":[{"count":0,"href":"https:\/\/maxradio923.com.ar\/index.php\/wp-json\/wp\/v2\/posts\/17073\/revisions"}],"wp:featuredmedia":[{"embeddable":true,"href":"https:\/\/maxradio923.com.ar\/index.php\/wp-json\/wp\/v2\/media\/17074"}],"wp:attachment":[{"href":"https:\/\/maxradio923.com.ar\/index.php\/wp-json\/wp\/v2\/media?parent=17073"}],"wp:term":[{"taxonomy":"category","embeddable":true,"href":"https:\/\/maxradio923.com.ar\/index.php\/wp-json\/wp\/v2\/categories?post=17073"},{"taxonomy":"post_tag","embeddable":true,"href":"https:\/\/maxradio923.com.ar\/index.php\/wp-json\/wp\/v2\/tags?post=17073"}],"curies":[{"name":"wp","href":"https:\/\/api.w.org\/{rel}","templated":true}]}}