{"id":17067,"date":"2024-02-02T11:06:12","date_gmt":"2024-02-02T14:06:12","guid":{"rendered":"https:\/\/maxradio923.com.ar\/index.php\/2024\/02\/02\/milei-trabaja-hoy-en-olivos-desde-donde-seguira-el-debate-de-ley-de-bases-en-diputados\/"},"modified":"2024-02-02T11:12:47","modified_gmt":"2024-02-02T14:12:47","slug":"milei-trabaja-hoy-en-olivos-desde-donde-seguira-el-debate-de-ley-de-bases-en-diputados","status":"publish","type":"post","link":"https:\/\/maxradio923.com.ar\/index.php\/2024\/02\/02\/milei-trabaja-hoy-en-olivos-desde-donde-seguira-el-debate-de-ley-de-bases-en-diputados\/","title":{"rendered":"Milei trabaja hoy en Olivos, desde donde seguir\u00e1 el debate de ley de Bases en Diputados"},"content":{"rendered":"<p><img decoding=\"async\" src=\"https:\/\/diariod3.com\/wp-content\/uploads\/2023\/12\/javier_milei_1_crop1702750268840.jpg_1402874324.webp\"\/><\/p>\n<p>El presidente Javier Milei desarrollar\u00e1 hoy sus actividades en la residencia de Olivos, donde lo hace habitualmente los viernes, y desde ah\u00ed seguir\u00e1 la continuaci\u00f3n del debate de la ley \u00abBases\u00bb en la C\u00e1mara de Diputados, que est\u00e1 previsto se retome a las 10, informaron a T\u00e9lam fuentes oficiales.<\/p>\n<p>A su vez, el vocero presidencial, Manuel Adorni, ofrecer\u00e1 hoy su habitual conferencia de prensa diaria en la Casa Rosada.<\/p>\n<p>El encuentro de Adorni con los periodistas est\u00e1 previsto para las 11, en el Sal\u00f3n de Conferencias.<\/p>\n<p>Por su parte, el secretario de Comunicaci\u00f3n y Prensa, Eduardo Serenellini, se reunir\u00e1 a las 10.30 con el secretario de Bioeconom\u00eda, Fernando Vilella.<\/p>\n<p>M\u00e1s tarde, a las 13, el secretario participar\u00e1 del acto homenaje al periodista acreditado y decano de la Sala de Periodistas, Roberto \u2018Tano\u2019 Di Sandro, quien cumple 77 a\u00f1os de acreditaci\u00f3n ininterrumpida en la Casa Rosada.<\/p>\n<p>El acto se har\u00e1 frente a la Sala de Periodistas, primer piso de la Casa de Gobierno.<\/p>\n<p>Por su parte, el titular del Ministerio de Defensa, Luis Petri, viajar\u00e1 a las 12 a San Lorenzo, provincia de Santa Fe, para participar del acto oficial por el 211\u00ba aniversario del Combate de San Lorenzo en el Campo de la Gloria y el Convento San Carlos.<\/p>\n<p>En tanto, la ministra de Seguridad, Patricia Bullrich, se reunir\u00e1 a las 12.30 con el ministro de Seguridad de la Ciudad Aut\u00f3noma de Buenos Aires, Waldo Wolff, para coordinar el trabajo conjunto en el marco del programa nacional \u201cTribuna Segura\u201d.<\/p>\n<p>Fuente: Diario de Cuyo<br \/>\nRivero Cecilia<\/p>\n<p>La entrada <a href=\"https:\/\/diariod3.com\/milei-trabaja-hoy-en-olivos-desde-donde-seguira-el-debate-de-ley-de-bases-en-diputados\/\" rel=\"noreferrer noopener\" target=\"_blank\">Milei trabaja hoy en Olivos, desde donde seguir\u00e1 el debate de ley de Bases en Diputados<\/a> se public\u00f3 primero en <a href=\"https:\/\/diariod3.com\/\" rel=\"noreferrer noopener\" target=\"_blank\">DIARIO D3 NOTICIAS | SAN JUAN ARGENTINA<\/a>.<\/p>\n","protected":false},"excerpt":{"rendered":"<p>El presidente Javier Milei desarrollar\u00e1 hoy sus actividades en la residencia de Olivos, donde lo hace habitualmente los viernes, y desde ah\u00ed seguir\u00e1 la continuaci\u00f3n del debate de la ley \u00abBases\u00bb en la C\u00e1mara de Diputados, que est\u00e1 previsto se retome a las 10, informaron a T\u00e9lam fuentes oficiales.<\/p>\n<p>A su vez, el vocero presidencial, Manuel Adorni, ofrecer\u00e1 hoy su habitual conferencia de prensa diaria en la Casa Rosada.<\/p>\n<p>El encuentro de Adorni con los periodistas est\u00e1 previsto para las 11, en el Sal\u00f3n de Conferencias.<\/p>\n<p>Por su parte, el secretario de Comunicaci\u00f3n y Prensa, Eduardo Serenellini, se reunir\u00e1 a las 10.30 con el secretario de Bioeconom\u00eda, Fernando Vilella.<\/p>\n<p>M\u00e1s tarde, a las 13, el secretario participar\u00e1 del acto homenaje al periodista acreditado y decano de la Sala de Periodistas, Roberto \u2018Tano\u2019 Di Sandro, quien cumple 77 a\u00f1os de acreditaci\u00f3n ininterrumpida en la Casa Rosada.<\/p>\n<p>El acto se har\u00e1 frente a la Sala de Periodistas, primer piso de la Casa de Gobierno.<\/p>\n<p>Por su parte, el t..<\/p>\n","protected":false},"author":2,"featured_media":17110,"comment_status":"closed","ping_status":"","sticky":false,"template":"","format":"standard","meta":{"footnotes":""},"categories":[12],"tags":[],"_links":{"self":[{"href":"https:\/\/maxradio923.com.ar\/index.php\/wp-json\/wp\/v2\/posts\/17067"}],"collection":[{"href":"https:\/\/maxradio923.com.ar\/index.php\/wp-json\/wp\/v2\/posts"}],"about":[{"href":"https:\/\/maxradio923.com.ar\/index.php\/wp-json\/wp\/v2\/types\/post"}],"author":[{"embeddable":true,"href":"https:\/\/maxradio923.com.ar\/index.php\/wp-json\/wp\/v2\/users\/2"}],"replies":[{"embeddable":true,"href":"https:\/\/maxradio923.com.ar\/index.php\/wp-json\/wp\/v2\/comments?post=17067"}],"version-history":[{"count":1,"href":"https:\/\/maxradio923.com.ar\/index.php\/wp-json\/wp\/v2\/posts\/17067\/revisions"}],"predecessor-version":[{"id":17109,"href":"https:\/\/maxradio923.com.ar\/index.php\/wp-json\/wp\/v2\/posts\/17067\/revisions\/17109"}],"wp:featuredmedia":[{"embeddable":true,"href":"https:\/\/maxradio923.com.ar\/index.php\/wp-json\/wp\/v2\/media\/17110"}],"wp:attachment":[{"href":"https:\/\/maxradio923.com.ar\/index.php\/wp-json\/wp\/v2\/media?parent=17067"}],"wp:term":[{"taxonomy":"category","embeddable":true,"href":"https:\/\/maxradio923.com.ar\/index.php\/wp-json\/wp\/v2\/categories?post=17067"},{"taxonomy":"post_tag","embeddable":true,"href":"https:\/\/maxradio923.com.ar\/index.php\/wp-json\/wp\/v2\/tags?post=17067"}],"curies":[{"name":"wp","href":"https:\/\/api.w.org\/{rel}","templated":true}]}}