{"id":16914,"date":"2024-01-25T00:29:04","date_gmt":"2024-01-25T03:29:04","guid":{"rendered":"https:\/\/maxradio923.com.ar\/index.php\/2024\/01\/25\/el-diario-los-angeles-times-anuncia-el-despido-del-20-de-su-redaccion-en-uno-de-los-mayores-recortes-de-personal-de-su-historia\/"},"modified":"2024-01-25T00:29:04","modified_gmt":"2024-01-25T03:29:04","slug":"el-diario-los-angeles-times-anuncia-el-despido-del-20-de-su-redaccion-en-uno-de-los-mayores-recortes-de-personal-de-su-historia","status":"publish","type":"post","link":"https:\/\/maxradio923.com.ar\/index.php\/2024\/01\/25\/el-diario-los-angeles-times-anuncia-el-despido-del-20-de-su-redaccion-en-uno-de-los-mayores-recortes-de-personal-de-su-historia\/","title":{"rendered":"El diario &#8220;Los Angeles Times&#8221; anuncia el despido del 20% de su redacci\u00f3n, en uno de los mayores recortes de personal de su historia"},"content":{"rendered":"<p><img decoding=\"async\" alt=\"Los recortes eran necesarios porque el Times ya no pod\u00eda perder hasta 40 millones de d\u00f3lares al a\u00f1o. Foto: Patrick T. Fallon \/ AFP\" src=\"https:\/\/www.clarin.com\/img\/2024\/01\/24\/GlAzDdQKP_720x0__1.jpg\"\/>Los recortes eran necesarios porque el Times ya no pod\u00eda perder hasta 40 millones de d\u00f3lares al a\u00f1o. Foto: Patrick T. Fallon \/ AFP<img decoding=\"async\" alt=\"&quot;Este recorte de personal es fruto de a\u00f1os de estrategia mediocre, la ausencia de un editor y ninguna direcci\u00f3n clara&quot;, dijo el sindicato. Foto: AP\" src=\"https:\/\/www.clarin.com\/img\/2024\/01\/24\/kow_tnAE__720x0__1.jpg\"\/>&quot;Este recorte de personal es fruto de a\u00f1os de estrategia mediocre, la ausencia de un editor y ninguna direcci\u00f3n clara&quot;, dijo el sindicato. Foto: AP<\/p>\n","protected":false},"excerpt":{"rendered":"<p>Los recortes eran necesarios porque el Times ya no pod\u00eda perder hasta 40 millones de d\u00f3lares al a\u00f1o. Foto: Patrick T. Fallon \/ AFP&#8221;Este recorte de personal es fruto de a\u00f1os de estrategia mediocre, la ausencia de un editor y ninguna direcci\u00f3n clara&#8221;, dijo el sindicato. Foto: AP<\/p>\n","protected":false},"author":2,"featured_media":16915,"comment_status":"","ping_status":"","sticky":false,"template":"","format":"standard","meta":{"footnotes":""},"categories":[3],"tags":[],"_links":{"self":[{"href":"https:\/\/maxradio923.com.ar\/index.php\/wp-json\/wp\/v2\/posts\/16914"}],"collection":[{"href":"https:\/\/maxradio923.com.ar\/index.php\/wp-json\/wp\/v2\/posts"}],"about":[{"href":"https:\/\/maxradio923.com.ar\/index.php\/wp-json\/wp\/v2\/types\/post"}],"author":[{"embeddable":true,"href":"https:\/\/maxradio923.com.ar\/index.php\/wp-json\/wp\/v2\/users\/2"}],"replies":[{"embeddable":true,"href":"https:\/\/maxradio923.com.ar\/index.php\/wp-json\/wp\/v2\/comments?post=16914"}],"version-history":[{"count":0,"href":"https:\/\/maxradio923.com.ar\/index.php\/wp-json\/wp\/v2\/posts\/16914\/revisions"}],"wp:featuredmedia":[{"embeddable":true,"href":"https:\/\/maxradio923.com.ar\/index.php\/wp-json\/wp\/v2\/media\/16915"}],"wp:attachment":[{"href":"https:\/\/maxradio923.com.ar\/index.php\/wp-json\/wp\/v2\/media?parent=16914"}],"wp:term":[{"taxonomy":"category","embeddable":true,"href":"https:\/\/maxradio923.com.ar\/index.php\/wp-json\/wp\/v2\/categories?post=16914"},{"taxonomy":"post_tag","embeddable":true,"href":"https:\/\/maxradio923.com.ar\/index.php\/wp-json\/wp\/v2\/tags?post=16914"}],"curies":[{"name":"wp","href":"https:\/\/api.w.org\/{rel}","templated":true}]}}