{"id":16849,"date":"2024-01-24T01:04:22","date_gmt":"2024-01-24T04:04:22","guid":{"rendered":"https:\/\/maxradio923.com.ar\/index.php\/2024\/01\/24\/quien-es-el-joven-desaparecido-con-un-kayak-en-claromeco\/"},"modified":"2024-01-24T01:04:22","modified_gmt":"2024-01-24T04:04:22","slug":"quien-es-el-joven-desaparecido-con-un-kayak-en-claromeco","status":"publish","type":"post","link":"https:\/\/maxradio923.com.ar\/index.php\/2024\/01\/24\/quien-es-el-joven-desaparecido-con-un-kayak-en-claromeco\/","title":{"rendered":"Qui\u00e9n es el joven desaparecido con un kayak en Claromec\u00f3"},"content":{"rendered":"<ul>\n<li>Federico Saihueque tiene 25 a\u00f1os y es peluquero. <\/li>\n<li>Lo vieron por \u00faltima vez el domingo a cinco kil\u00f3metros de la costa. <\/li>\n<\/ul>\n<p><\/p>\n","protected":false},"excerpt":{"rendered":"<p>Federico Saihueque tiene 25 a\u00f1os y es peluquero. Lo vieron por \u00faltima vez el domingo a cinco kil\u00f3metros de la costa.<\/p>\n","protected":false},"author":2,"featured_media":16850,"comment_status":"","ping_status":"","sticky":false,"template":"","format":"standard","meta":{"footnotes":""},"categories":[9],"tags":[],"_links":{"self":[{"href":"https:\/\/maxradio923.com.ar\/index.php\/wp-json\/wp\/v2\/posts\/16849"}],"collection":[{"href":"https:\/\/maxradio923.com.ar\/index.php\/wp-json\/wp\/v2\/posts"}],"about":[{"href":"https:\/\/maxradio923.com.ar\/index.php\/wp-json\/wp\/v2\/types\/post"}],"author":[{"embeddable":true,"href":"https:\/\/maxradio923.com.ar\/index.php\/wp-json\/wp\/v2\/users\/2"}],"replies":[{"embeddable":true,"href":"https:\/\/maxradio923.com.ar\/index.php\/wp-json\/wp\/v2\/comments?post=16849"}],"version-history":[{"count":0,"href":"https:\/\/maxradio923.com.ar\/index.php\/wp-json\/wp\/v2\/posts\/16849\/revisions"}],"wp:featuredmedia":[{"embeddable":true,"href":"https:\/\/maxradio923.com.ar\/index.php\/wp-json\/wp\/v2\/media\/16850"}],"wp:attachment":[{"href":"https:\/\/maxradio923.com.ar\/index.php\/wp-json\/wp\/v2\/media?parent=16849"}],"wp:term":[{"taxonomy":"category","embeddable":true,"href":"https:\/\/maxradio923.com.ar\/index.php\/wp-json\/wp\/v2\/categories?post=16849"},{"taxonomy":"post_tag","embeddable":true,"href":"https:\/\/maxradio923.com.ar\/index.php\/wp-json\/wp\/v2\/tags?post=16849"}],"curies":[{"name":"wp","href":"https:\/\/api.w.org\/{rel}","templated":true}]}}