{"id":16845,"date":"2024-01-24T01:04:13","date_gmt":"2024-01-24T04:04:13","guid":{"rendered":"https:\/\/maxradio923.com.ar\/index.php\/2024\/01\/24\/exitosa-inauguracion-del-circuito-turistico-ven-vive-y-siente-la-majadita-te-espera-en-valle-fertil\/"},"modified":"2024-01-24T01:04:13","modified_gmt":"2024-01-24T04:04:13","slug":"exitosa-inauguracion-del-circuito-turistico-ven-vive-y-siente-la-majadita-te-espera-en-valle-fertil","status":"publish","type":"post","link":"https:\/\/maxradio923.com.ar\/index.php\/2024\/01\/24\/exitosa-inauguracion-del-circuito-turistico-ven-vive-y-siente-la-majadita-te-espera-en-valle-fertil\/","title":{"rendered":"Exitosa Inauguraci\u00f3n del Circuito Tur\u00edstico \u00abVen, Vive y Siente, La Majadita te espera\u00bb en Valle F\u00e9rtil"},"content":{"rendered":"<p><img decoding=\"async\" src=\"https:\/\/diariod3.com\/wp-content\/uploads\/2024\/01\/421190268_784952916993000_6009142463436790738_n.jpg\"\/> <\/p>\n<p>Con una entusiasta participaci\u00f3n de turistas y residentes de Valle F\u00e9rtil, se llev\u00f3 a cabo la emocionante inauguraci\u00f3n del circuito tur\u00edstico \u00abVen, Vive y Siente, La Majadita te espera\u00bb. Esta innovadora propuesta tur\u00edstica, gestada por la comunidad educativa de la Escuela Dra. Julieta Lanteri de La Majadita, se materializ\u00f3 gracias al respaldo y apoyo de la Municipalidad de Valle F\u00e9rtil, a trav\u00e9s de la Direcci\u00f3n de Turismo.<\/p>\n<p><img decoding=\"async\" src=\"https:\/\/diariod3.com\/wp-content\/uploads\/2024\/01\/420444759_784951546993137_3081558331784763904_n.webp\"\/> <img decoding=\"async\" src=\"https:\/\/diariod3.com\/wp-content\/uploads\/2024\/01\/420636408_784951763659782_1142569154856379748_n.webp\"\/> <img decoding=\"async\" src=\"https:\/\/diariod3.com\/wp-content\/uploads\/2024\/01\/421110450_784951843659774_6923522626162685382_n.webp\"\/> <img decoding=\"async\" src=\"https:\/\/diariod3.com\/wp-content\/uploads\/2024\/01\/421110645_784952626993029_1588714568648090629_n.webp\"\/><\/p>\n<p>Este proyecto, ganador en instancias departamentales y provinciales, y reconocido a nivel nacional, tiene como objetivo central promover el desarrollo sostenible y sustentable de la localidad, poniendo especial \u00e9nfasis en el impulso del turismo como una industria clave para la regi\u00f3n.<\/p>\n<p>El circuito tur\u00edstico inici\u00f3 en la Oficina Central de la Direcci\u00f3n de Turismo, desde donde los visitantes fueron guiados hacia el establecimiento educativo de La Majadita. Aqu\u00ed, los gu\u00edas brindaron detalles sobre el recorrido y presentaron un paseo fotogr\u00e1fico que ilustra la rica historia y cultura de la zona. La traves\u00eda continu\u00f3 con la visita al Museo \u00abValle de Catana\u00bb y la interacci\u00f3n con talentosos tejedores y artesanos locales.<\/p>\n<p>El punto culminante del recorrido fue una celebraci\u00f3n en la que los participantes disfrutaron de actuaciones art\u00edsticas y bailes regionales, acompa\u00f1ados de delicias locales como sopaipillas y mate cocido.<\/p>\n<p>El Intendente Departamental Prof. Mario Riveros, la Concejal Carina Calivar, la Secretaria de Administraci\u00f3n y Hacienda Mar\u00eda Luisa Romero, el Subsecretario de Gobierno Facundo Noriega, la Directora de Turismo Gabriela Guerra y otras autoridades gubernamentales estuvieron presentes en esta destacada inauguraci\u00f3n, reafirmando su compromiso con el desarrollo tur\u00edstico y econ\u00f3mico de Valle F\u00e9rtil.<\/p>\n<p>\u00abVen, Vive y Siente, La Majadita te espera\u00bb promete ser un atractivo imperdible para quienes buscan explorar la riqueza cultural y natural de esta encantadora regi\u00f3n.<\/p>\n","protected":false},"excerpt":{"rendered":"<p>Con una entusiasta participaci\u00f3n de turistas y residentes de Valle F\u00e9rtil, se llev\u00f3 a cabo la emocionante inauguraci\u00f3n del circuito tur\u00edstico \u00abVen, Vive y Siente, La Majadita te espera\u00bb. Esta innovadora propuesta tur\u00edstica, gestada por la comunidad educativa de la Escuela Dra. Julieta Lanteri de La Majadita, se materializ\u00f3 gracias al respaldo y apoyo de la Municipalidad de Valle F\u00e9rtil, a trav\u00e9s de la Direcci\u00f3n de Turismo.<\/p>\n<p> Este proyecto, ganador en instancias departamentales y provinciales, y reconocido a nivel nacional, tiene como objetivo central promover el desarrollo sostenible y sustentable de la localidad, poniendo especial \u00e9nfasis en el impulso del turismo como una industria clave para la regi\u00f3n.<br \/>\n El circuito tur\u00edstico inici\u00f3 en la Oficina Central de la Direcci\u00f3n de Turismo, desde donde los visitantes fueron guiados hacia el establecimiento educativo de La Majadita. Aqu\u00ed, los gu\u00edas brindaron detalles sobre el recorrido y presentaron un paseo fotogr\u00e1fico que ilustra la rica his..<\/p>\n","protected":false},"author":2,"featured_media":16846,"comment_status":"","ping_status":"","sticky":false,"template":"","format":"standard","meta":{"footnotes":""},"categories":[10],"tags":[],"_links":{"self":[{"href":"https:\/\/maxradio923.com.ar\/index.php\/wp-json\/wp\/v2\/posts\/16845"}],"collection":[{"href":"https:\/\/maxradio923.com.ar\/index.php\/wp-json\/wp\/v2\/posts"}],"about":[{"href":"https:\/\/maxradio923.com.ar\/index.php\/wp-json\/wp\/v2\/types\/post"}],"author":[{"embeddable":true,"href":"https:\/\/maxradio923.com.ar\/index.php\/wp-json\/wp\/v2\/users\/2"}],"replies":[{"embeddable":true,"href":"https:\/\/maxradio923.com.ar\/index.php\/wp-json\/wp\/v2\/comments?post=16845"}],"version-history":[{"count":0,"href":"https:\/\/maxradio923.com.ar\/index.php\/wp-json\/wp\/v2\/posts\/16845\/revisions"}],"wp:featuredmedia":[{"embeddable":true,"href":"https:\/\/maxradio923.com.ar\/index.php\/wp-json\/wp\/v2\/media\/16846"}],"wp:attachment":[{"href":"https:\/\/maxradio923.com.ar\/index.php\/wp-json\/wp\/v2\/media?parent=16845"}],"wp:term":[{"taxonomy":"category","embeddable":true,"href":"https:\/\/maxradio923.com.ar\/index.php\/wp-json\/wp\/v2\/categories?post=16845"},{"taxonomy":"post_tag","embeddable":true,"href":"https:\/\/maxradio923.com.ar\/index.php\/wp-json\/wp\/v2\/tags?post=16845"}],"curies":[{"name":"wp","href":"https:\/\/api.w.org\/{rel}","templated":true}]}}