{"id":16835,"date":"2024-01-24T01:01:48","date_gmt":"2024-01-24T04:01:48","guid":{"rendered":"https:\/\/maxradio923.com.ar\/index.php\/2024\/01\/24\/despliegue-policial-para-el-paro-de-la-cgt-en-san-juan-participaran-unos-200-policias\/"},"modified":"2024-01-24T01:01:48","modified_gmt":"2024-01-24T04:01:48","slug":"despliegue-policial-para-el-paro-de-la-cgt-en-san-juan-participaran-unos-200-policias","status":"publish","type":"post","link":"https:\/\/maxradio923.com.ar\/index.php\/2024\/01\/24\/despliegue-policial-para-el-paro-de-la-cgt-en-san-juan-participaran-unos-200-policias\/","title":{"rendered":"Despliegue Policial para el Paro de la CGT en San Juan: Participar\u00e1n unos 200 Polic\u00edas"},"content":{"rendered":"<p><img decoding=\"async\" src=\"https:\/\/diariod3.com\/wp-content\/uploads\/2024\/01\/marcha-san-juan.jpg\"\/> <\/p>\n<p>Un operativo de al menos 200 efectivos policiales se movilizar\u00e1 en San Juan para supervisar el operativo de seguridad durante la movilizaci\u00f3n convocada por el paro de la CGT a nivel nacional. La concentraci\u00f3n en San Juan se llevar\u00e1 a cabo en la plaza 25 de Mayo, en protesta contra la Ley \u00d3mnibus y el DNU del presidente Javier Milei.<\/p>\n<p>El jefe de la Polic\u00eda de San Juan, Eduardo Lirola, inform\u00f3 que se han llevado a cabo reuniones con el gobernador Marcelo Orrego y el ministro de Seguridad, Gustavo S\u00e1nchez, para organizar el dispositivo de seguridad. Lirola destac\u00f3 el di\u00e1logo establecido con representantes de las agrupaciones y de la CGT.<\/p>\n<p>Se espera que alrededor de 1,500 manifestantes participen en la marcha en San Juan, aunque esta cifra podr\u00eda variar. El punto de encuentro ser\u00e1 la calle Mendoza e Ignacio de la Roza en la capital. Lirola indic\u00f3 que se implementar\u00e1n medidas para garantizar el derecho a manifestarse, asegurando al mismo tiempo el derecho de circulaci\u00f3n de quienes van a trabajar u otros destinos.<\/p>\n<p>Se planificar\u00e1 el cierre de algunas calles centrales y la desviaci\u00f3n del tr\u00e1nsito vehicular para mantener la seguridad de los participantes. Lirola enfatiz\u00f3 que se prestar\u00e1 especial atenci\u00f3n a comportamientos inusuales y se tomar\u00e1n medidas firmes contra cualquier acto vand\u00e1lico o comportamiento ilegal.<\/p>\n<p>El jefe de la Polic\u00eda advirti\u00f3 que aquellos que intenten aprovechar la movilizaci\u00f3n para cometer actos delictivos ser\u00e1n neutralizados y puestos a disposici\u00f3n de la Justicia de San Juan. La prioridad es asegurar un desarrollo pac\u00edfico y legal de la manifestaci\u00f3n, protegiendo tanto a los manifestantes como a los comerciantes y peatones de la zona.<\/p>\n","protected":false},"excerpt":{"rendered":"<p>Un operativo de al menos 200 efectivos policiales se movilizar\u00e1 en San Juan para supervisar el operativo de seguridad durante la movilizaci\u00f3n convocada por el paro de la CGT a nivel nacional. La concentraci\u00f3n en San Juan se llevar\u00e1 a cabo en la plaza 25 de Mayo, en protesta contra la Ley \u00d3mnibus y el DNU del presidente Javier Milei.<br \/>\n El jefe de la Polic\u00eda de San Juan, Eduardo Lirola, inform\u00f3 que se han llevado a cabo reuniones con el gobernador Marcelo Orrego y el ministro de Seguridad, Gustavo S\u00e1nchez, para organizar el dispositivo de seguridad. Lirola destac\u00f3 el di\u00e1logo establecido con representantes de las agrupaciones y de la CGT.<br \/>\n Se espera que alrededor de 1,500 manifestantes participen en la marcha en San Juan, aunque esta cifra podr\u00eda variar. El punto de encuentro ser\u00e1 la calle Mendoza e Ignacio de la Roza en la capital. Lirola indic\u00f3 que se implementar\u00e1n medidas para garantizar el derecho a manifestarse, asegurando al mismo tiempo el derecho de circulaci\u00f3n de quienes van a tra..<\/p>\n","protected":false},"author":2,"featured_media":16836,"comment_status":"","ping_status":"","sticky":false,"template":"","format":"standard","meta":{"footnotes":""},"categories":[8],"tags":[],"_links":{"self":[{"href":"https:\/\/maxradio923.com.ar\/index.php\/wp-json\/wp\/v2\/posts\/16835"}],"collection":[{"href":"https:\/\/maxradio923.com.ar\/index.php\/wp-json\/wp\/v2\/posts"}],"about":[{"href":"https:\/\/maxradio923.com.ar\/index.php\/wp-json\/wp\/v2\/types\/post"}],"author":[{"embeddable":true,"href":"https:\/\/maxradio923.com.ar\/index.php\/wp-json\/wp\/v2\/users\/2"}],"replies":[{"embeddable":true,"href":"https:\/\/maxradio923.com.ar\/index.php\/wp-json\/wp\/v2\/comments?post=16835"}],"version-history":[{"count":0,"href":"https:\/\/maxradio923.com.ar\/index.php\/wp-json\/wp\/v2\/posts\/16835\/revisions"}],"wp:featuredmedia":[{"embeddable":true,"href":"https:\/\/maxradio923.com.ar\/index.php\/wp-json\/wp\/v2\/media\/16836"}],"wp:attachment":[{"href":"https:\/\/maxradio923.com.ar\/index.php\/wp-json\/wp\/v2\/media?parent=16835"}],"wp:term":[{"taxonomy":"category","embeddable":true,"href":"https:\/\/maxradio923.com.ar\/index.php\/wp-json\/wp\/v2\/categories?post=16835"},{"taxonomy":"post_tag","embeddable":true,"href":"https:\/\/maxradio923.com.ar\/index.php\/wp-json\/wp\/v2\/tags?post=16835"}],"curies":[{"name":"wp","href":"https:\/\/api.w.org\/{rel}","templated":true}]}}