{"id":16833,"date":"2024-01-24T01:01:48","date_gmt":"2024-01-24T04:01:48","guid":{"rendered":"https:\/\/maxradio923.com.ar\/index.php\/2024\/01\/24\/caida-del-consumo-de-combustible-en-san-juan-de-un-30-en-enero\/"},"modified":"2024-01-24T01:01:48","modified_gmt":"2024-01-24T04:01:48","slug":"caida-del-consumo-de-combustible-en-san-juan-de-un-30-en-enero","status":"publish","type":"post","link":"https:\/\/maxradio923.com.ar\/index.php\/2024\/01\/24\/caida-del-consumo-de-combustible-en-san-juan-de-un-30-en-enero\/","title":{"rendered":"Ca\u00edda del Consumo de Combustible en San Juan de un 30% en Enero"},"content":{"rendered":"<p><img decoding=\"async\" src=\"https:\/\/diariod3.com\/wp-content\/uploads\/2024\/01\/combustible.webp\"\/> <\/p>\n<p>En los primeros d\u00edas de enero, la provincia de San Juan ha experimentado una significativa disminuci\u00f3n del 30% en el consumo de combustible, seg\u00fan declaraciones de Miguel Caruso, presidente de la C\u00e1mara de Expendedores de Combustible.<\/p>\n<p>La baja en el consumo, ya advertida durante el mes de diciembre, se ha consolidado en enero con una disminuci\u00f3n estimada del 35%, revel\u00f3 Caruso en una entrevista concedida a Canal 8. Este fen\u00f3meno, seg\u00fan el presidente, ha sido atribuido mayormente a un incremento considerable en los costos asociados con las vacaciones.<\/p>\n<p>\u00abSe produjo un aumento sustancial. Hablando con nuestros clientes, hemos notado que este incremento estaba directamente relacionado con el periodo vacacional\u00bb, destac\u00f3 Caruso durante su intervenci\u00f3n.<\/p>\n<p>Ante esta situaci\u00f3n, Caruso explic\u00f3 que, en un contexto de liberaci\u00f3n de precios, cada estaci\u00f3n de servicio ha buscado estrategias para incrementar sus ventas. \u00abCada bandera comienza a ingeniarse y cada estacionero redobla sus esfuerzos para lograr un mayor volumen de ventas\u00bb, subray\u00f3.<\/p>\n<p>Como respuesta a esta disminuci\u00f3n en la demanda, se implementaron diversas estrategias para atraer a los consumidores. Caruso revel\u00f3 que se ofrecieron promociones y algunas compa\u00f1\u00edas ajustaron sus precios con el objetivo de captar a los residentes de San Juan. \u00abBajaron los precios y se acomodaron a la bandera estatal\u00bb, concluy\u00f3.<\/p>\n<p>El panorama actual, seg\u00fan las afirmaciones de la C\u00e1mara de Expendedores de Combustible, se presenta como un desaf\u00edo para el sector, que busca adaptarse a las fluctuaciones del mercado y las preferencias del consumidor.<\/p>\n","protected":false},"excerpt":{"rendered":"<p>En los primeros d\u00edas de enero, la provincia de San Juan ha experimentado una significativa disminuci\u00f3n del 30% en el consumo de combustible, seg\u00fan declaraciones de Miguel Caruso, presidente de la C\u00e1mara de Expendedores de Combustible.<br \/>\n La baja en el consumo, ya advertida durante el mes de diciembre, se ha consolidado en enero con una disminuci\u00f3n estimada del 35%, revel\u00f3 Caruso en una entrevista concedida a Canal 8. Este fen\u00f3meno, seg\u00fan el presidente, ha sido atribuido mayormente a un incremento considerable en los costos asociados con las vacaciones.<br \/>\n \u00abSe produjo un aumento sustancial. Hablando con nuestros clientes, hemos notado que este incremento estaba directamente relacionado con el periodo vacacional\u00bb, destac\u00f3 Caruso durante su intervenci\u00f3n.<br \/>\n Ante esta situaci\u00f3n, Caruso explic\u00f3 que, en un contexto de liberaci\u00f3n de precios, cada estaci\u00f3n de servicio ha buscado estrategias para incrementar sus ventas. \u00abCada bandera comienza a ingeniarse y cada estacionero redobla sus esfuerzos para..<\/p>\n","protected":false},"author":2,"featured_media":16834,"comment_status":"","ping_status":"","sticky":false,"template":"","format":"standard","meta":{"footnotes":""},"categories":[8],"tags":[],"_links":{"self":[{"href":"https:\/\/maxradio923.com.ar\/index.php\/wp-json\/wp\/v2\/posts\/16833"}],"collection":[{"href":"https:\/\/maxradio923.com.ar\/index.php\/wp-json\/wp\/v2\/posts"}],"about":[{"href":"https:\/\/maxradio923.com.ar\/index.php\/wp-json\/wp\/v2\/types\/post"}],"author":[{"embeddable":true,"href":"https:\/\/maxradio923.com.ar\/index.php\/wp-json\/wp\/v2\/users\/2"}],"replies":[{"embeddable":true,"href":"https:\/\/maxradio923.com.ar\/index.php\/wp-json\/wp\/v2\/comments?post=16833"}],"version-history":[{"count":0,"href":"https:\/\/maxradio923.com.ar\/index.php\/wp-json\/wp\/v2\/posts\/16833\/revisions"}],"wp:featuredmedia":[{"embeddable":true,"href":"https:\/\/maxradio923.com.ar\/index.php\/wp-json\/wp\/v2\/media\/16834"}],"wp:attachment":[{"href":"https:\/\/maxradio923.com.ar\/index.php\/wp-json\/wp\/v2\/media?parent=16833"}],"wp:term":[{"taxonomy":"category","embeddable":true,"href":"https:\/\/maxradio923.com.ar\/index.php\/wp-json\/wp\/v2\/categories?post=16833"},{"taxonomy":"post_tag","embeddable":true,"href":"https:\/\/maxradio923.com.ar\/index.php\/wp-json\/wp\/v2\/tags?post=16833"}],"curies":[{"name":"wp","href":"https:\/\/api.w.org\/{rel}","templated":true}]}}