{"id":16831,"date":"2024-01-24T01:01:36","date_gmt":"2024-01-24T04:01:36","guid":{"rendered":"https:\/\/maxradio923.com.ar\/index.php\/2024\/01\/24\/ordenan-al-ministerio-de-seguridad-que-no-haya-filmaciones-y-requisas-durante-marcha\/"},"modified":"2024-01-24T01:10:36","modified_gmt":"2024-01-24T04:10:36","slug":"ordenan-al-ministerio-de-seguridad-que-no-haya-filmaciones-y-requisas-durante-marcha","status":"publish","type":"post","link":"https:\/\/maxradio923.com.ar\/index.php\/2024\/01\/24\/ordenan-al-ministerio-de-seguridad-que-no-haya-filmaciones-y-requisas-durante-marcha\/","title":{"rendered":"Ordenan al Ministerio de Seguridad que no haya filmaciones y requisas durante marcha"},"content":{"rendered":"<p><img decoding=\"async\" src=\"https:\/\/diariod3.com\/wp-content\/uploads\/2024\/01\/6590a23179d3f_1200.jpg\"\/><\/p>\n<p>La resoluci\u00f3n corresponde al juez federal Ernesto Kreplak y se dio ante un planteo realizado por un grupo de personas que integran distintos espacios de militancia medioambiental, patrocinadas por el abogado Fernando Cabaleiro quienes acompa\u00f1aron su presentaci\u00f3n con im\u00e1genes de lo ocurrido en manifestaciones a fines de diciembre, cuando el ministerio ya estaba bajo las \u00f3rdenes de Patricia Bullrich.<\/p>\n<figure><img decoding=\"async\" src=\"https:\/\/www.telam.com.ar\/thumbs\/bluesteel\/advf\/imagenes\/2023\/12\/6590a23179d3f_1200.jpg\" alt=\"Foto Ral Ferrari \"\/><figcaption>Foto: Ra\u00fal Ferrari.<\/figcaption><\/figure>\n<p>Un juez federal de La Plata hizo lugar este martes a una acci\u00f3n de habeas corpus preventivo y orden\u00f3 a las autoridades del Ministerio de Seguridad de la Naci\u00f3n que, en el \u00e1mbito de la jurisdicci\u00f3n de ese tribunal, se abstenga de emitir \u00f3rdenes para que las fuerzas federales filmen o intercepten personas en transportes p\u00fablicos, cuando se desarrollar\u00e1 el paro y la movilizaci\u00f3n contra la pol\u00edtica del Gobierno convocados por la CGT, informaron fuentes judiciales.<\/p>\n<p>La resoluci\u00f3n corresponde al juez federal Ernesto Kreplak y se dio ante un planteo realizado por un grupo de personas que integran distintos espacios de militancia medioambiental, patrocinadas por el abogado Fernando Cabaleiro, quienes acompa\u00f1aron su presentaci\u00f3n con im\u00e1genes de lo ocurrido en manifestaciones a fines de diciembre, cuando el ministerio ya estaba bajo las \u00f3rdenes de Patricia Bullrich.<\/p>\n<blockquote>\n<p>El Ministerio de Seguridad argument\u00f3 que \u00abel pedido del juez Ernesto Kreplak ha sido solo para el \u00e1mbito de la localidad bonaerense de La Plata, lo cual no afecta a otras jurisdicciones del pa\u00eds\u00bb<\/p>\n<\/blockquote>\n<p>El magistrado orden\u00f3 que la cartera de Bullrich \u00abse abstenga de expedir \u00f3rdenes a las fuerzas de seguridad bajo su \u00f3rbita que impliquen que el pr\u00f3ximo mi\u00e9rcoles 24 de enero, se filmen y\/o se intercepten a personas en la v\u00eda p\u00fablica -particularmente a bordo de transportes p\u00fablicos o en los accesos a las unidades de trenes, todo ello dentro de la jurisdiccional territorial de este juzgado- con el fin de identificarlas y\/o requisarlas sin orden judicial previa, y sin que se presenten alguna de las circunstancias previstas por el art. 230 bis CPPN (C\u00f3digo Penal)\u00bb, a\u00f1adieron las fuentes.<\/p>\n<p>Al respecto, el Ministerio de Seguridad argument\u00f3 que el \u00abpedido del juez Ernesto Kreplak ha sido solo para el \u00e1mbito de la localidad bonaerense de La Plata, lo cual no afecta a otras jurisdicciones del pa\u00eds\u00bb.<\/p>\n<p>El magistrado resolvi\u00f3 adem\u00e1s que \u00abasimismo, se requerir\u00e1 a dicho Ministerio que se instruya espec\u00edficamente a las fuerzas de seguridad bajo su \u00f3rbita, para que, en todo caso en se consideren configuradas las circunstancias previstas por el art. 230 bis, y en consecuencia el personal policial lleve a cabo requisas sin orden judicial previa, se labre el acta pertinente para el posterior control jurisdiccional, en cumplimiento de las previsiones legales vigentes\u00bb.<\/p>\n<figure><img decoding=\"async\" src=\"https:\/\/www.telam.com.ar\/thumbs\/bluesteel\/advf\/imagenes\/2023\/12\/658c80702eed2_1200.jpg\" alt=\"El juez orden no requisar sin orden judicial previa \"\/><figcaption>El juez orden\u00f3 no requisar sin orden judicial previa.<\/figcaption><\/figure>\n<p>\u00abLos accionantes indicaron que el riesgo de que se vean afectados sus derechos encuentra fundamento en que ya fueron v\u00edctimas de filmaciones y\/o de requisas realizadas por \u00abFuerzas de Seguridad Federales\u00bb sin que existiera motivo alguno ni orden judicial, con motivo de participar el pasado 20\/12\/23 y 23\/12\/23, en distintas marchas y convocatorias, cuando se dirigieron en transportes p\u00fablicos desde las localidades en que residen en la provincia de Buenos Aires hacia C.A.B.A.\u00bb, rese\u00f1\u00f3 el juez.<\/p>\n<p>Antes de resolver, el magistrado consult\u00f3 al Ministerio de Seguridad si estaba prevista la realizaci\u00f3n de acciones como las planteadas en la presentaci\u00f3n judicial, a lo que desde la cartera que conduce Bullrich se respondi\u00f3 de forma negativa, explicaron los portavoces.<\/p>\n<p>Sin embargo, y de modo preventivo, Kreplak record\u00f3 que \u00abla eventual intervenci\u00f3n de las fuerzas de seguridad llevando a cabo procedimientos como los descriptos -esto es, la filmaci\u00f3n y\/o interceptaci\u00f3n de personas con el fin de identificarlas y\/o requisarlas, sin orden judicial previa, por el s\u00f3lo hecho de presumir que van a participar de una movilizaci\u00f3n social- implicar\u00eda un cercenamiento ileg\u00edtimo de la libertad ambulatoria, adem\u00e1s de la afectaci\u00f3n de otros derechos de raigambre constitucional\u00bb.<\/p>\n<blockquote>\n<p>Antes de resolver, el magistrado consult\u00f3 al Ministerio de Seguridad si estaba prevista la realizaci\u00f3n de acciones como las planteadas en la presentaci\u00f3n judicial, a lo que desde la cartera que conduce Bullrich se respondi\u00f3 de forma negativa<\/p>\n<\/blockquote>\n<p>\u00abY las irregularidades se ver\u00edan a\u00fan m\u00e1s agravadas si la intervenci\u00f3n policial que incluyan requisas no se plasmara en las actas pertinentes para su posterior control jurisdiccional, como habr\u00eda sucedido, seg\u00fan sostienen los accionantes, en las jornadas del 20 y 23 de diciembre pasados\u00bb, remarc\u00f3.<\/p>\n<p>Por otra parte, el juez declar\u00f3 \u00abimprocedente\u00bb el planteo de inconstitucionalidad y nulidad realizado por los accionantes, \u00abrespecto a los articulados de la Resoluci\u00f3n Administrativa N\u00b0943\/2023 del Ministerio de Seguridad de la Naci\u00f3n\u00bb, tambi\u00e9n conocido como el protocolo antipiquete.<\/p>\n","protected":false},"excerpt":{"rendered":"<p>La resoluci\u00f3n corresponde al juez federal Ernesto Kreplak y se dio ante un planteo realizado por un grupo de personas que integran distintos espacios de militancia medioambiental, patrocinadas por el abogado Fernando Cabaleiro quienes acompa\u00f1aron su presentaci\u00f3n con im\u00e1genes de lo ocurrido en manifestaciones a fines de diciembre, cuando el ministerio ya estaba bajo las \u00f3rdenes de Patricia Bullrich.<\/p>\n<p>Foto: Ra\u00fal Ferrari.<br \/>\nUn juez federal de La Plata hizo lugar este martes a una acci\u00f3n de habeas corpus preventivo y orden\u00f3 a las autoridades del Ministerio de Seguridad de la Naci\u00f3n que, en el \u00e1mbito de la jurisdicci\u00f3n de ese tribunal, se abstenga de emitir \u00f3rdenes para que las fuerzas federales filmen o intercepten personas en transportes p\u00fablicos, cuando se desarrollar\u00e1 el paro y la movilizaci\u00f3n contra la pol\u00edtica del Gobierno convocados por la CGT, informaron fuentes judiciales.<\/p>\n<p>La resoluci\u00f3n corresponde al juez federal Ernesto Kreplak y se dio ante un planteo realizado por un grupo de pe..<\/p>\n","protected":false},"author":2,"featured_media":16893,"comment_status":"closed","ping_status":"","sticky":false,"template":"","format":"standard","meta":{"footnotes":""},"categories":[12],"tags":[],"_links":{"self":[{"href":"https:\/\/maxradio923.com.ar\/index.php\/wp-json\/wp\/v2\/posts\/16831"}],"collection":[{"href":"https:\/\/maxradio923.com.ar\/index.php\/wp-json\/wp\/v2\/posts"}],"about":[{"href":"https:\/\/maxradio923.com.ar\/index.php\/wp-json\/wp\/v2\/types\/post"}],"author":[{"embeddable":true,"href":"https:\/\/maxradio923.com.ar\/index.php\/wp-json\/wp\/v2\/users\/2"}],"replies":[{"embeddable":true,"href":"https:\/\/maxradio923.com.ar\/index.php\/wp-json\/wp\/v2\/comments?post=16831"}],"version-history":[{"count":1,"href":"https:\/\/maxradio923.com.ar\/index.php\/wp-json\/wp\/v2\/posts\/16831\/revisions"}],"predecessor-version":[{"id":16870,"href":"https:\/\/maxradio923.com.ar\/index.php\/wp-json\/wp\/v2\/posts\/16831\/revisions\/16870"}],"wp:featuredmedia":[{"embeddable":true,"href":"https:\/\/maxradio923.com.ar\/index.php\/wp-json\/wp\/v2\/media\/16893"}],"wp:attachment":[{"href":"https:\/\/maxradio923.com.ar\/index.php\/wp-json\/wp\/v2\/media?parent=16831"}],"wp:term":[{"taxonomy":"category","embeddable":true,"href":"https:\/\/maxradio923.com.ar\/index.php\/wp-json\/wp\/v2\/categories?post=16831"},{"taxonomy":"post_tag","embeddable":true,"href":"https:\/\/maxradio923.com.ar\/index.php\/wp-json\/wp\/v2\/tags?post=16831"}],"curies":[{"name":"wp","href":"https:\/\/api.w.org\/{rel}","templated":true}]}}