{"id":16809,"date":"2024-01-24T00:58:47","date_gmt":"2024-01-24T03:58:47","guid":{"rendered":"https:\/\/maxradio923.com.ar\/index.php\/2024\/01\/24\/por-el-paro-de-la-cgt-aerolineas-argentinas-cancelo-267-vuelos-y-reprogramo-otros-26\/"},"modified":"2024-01-24T00:58:47","modified_gmt":"2024-01-24T03:58:47","slug":"por-el-paro-de-la-cgt-aerolineas-argentinas-cancelo-267-vuelos-y-reprogramo-otros-26","status":"publish","type":"post","link":"https:\/\/maxradio923.com.ar\/index.php\/2024\/01\/24\/por-el-paro-de-la-cgt-aerolineas-argentinas-cancelo-267-vuelos-y-reprogramo-otros-26\/","title":{"rendered":"Por el paro de la CGT, Aerol\u00edneas Argentinas cancel\u00f3 267 vuelos y reprogram\u00f3 otros 26"},"content":{"rendered":"<ul>\n<li>La medida afectar\u00e1 a m\u00e1s de 17 mil pasajeros que ten\u00edan programados vuelos por la empresa estatal para este mi\u00e9rcoles 24 de enero entre las 12 y las 24.<\/li>\n<li>El paro tendr\u00e1 un costo de 2,5 millones de d\u00f3lares.<\/li>\n<li>Adem\u00e1s, una empresa low cost tambi\u00e9n cancel\u00f3 sus servicios y otra decidi\u00f3 cambiar sus arribos y partidos para el aeropuerto de Ezeiza.<\/li>\n<\/ul>\n","protected":false},"excerpt":{"rendered":"<p>La medida afectar\u00e1 a m\u00e1s de 17 mil pasajeros que ten\u00edan programados vuelos por la empresa estatal para este mi\u00e9rcoles 24 de enero entre las 12 y las 24.El paro tendr\u00e1 un costo de 2,5 millones de d\u00f3lares.Adem\u00e1s, una empresa low cost tambi\u00e9n cancel\u00f3 sus servicios y otra decidi\u00f3 cambiar sus arribos y partidos para el aeropuerto de Ezeiza.<\/p>\n","protected":false},"author":2,"featured_media":16810,"comment_status":"","ping_status":"","sticky":false,"template":"","format":"standard","meta":{"footnotes":""},"categories":[9],"tags":[],"_links":{"self":[{"href":"https:\/\/maxradio923.com.ar\/index.php\/wp-json\/wp\/v2\/posts\/16809"}],"collection":[{"href":"https:\/\/maxradio923.com.ar\/index.php\/wp-json\/wp\/v2\/posts"}],"about":[{"href":"https:\/\/maxradio923.com.ar\/index.php\/wp-json\/wp\/v2\/types\/post"}],"author":[{"embeddable":true,"href":"https:\/\/maxradio923.com.ar\/index.php\/wp-json\/wp\/v2\/users\/2"}],"replies":[{"embeddable":true,"href":"https:\/\/maxradio923.com.ar\/index.php\/wp-json\/wp\/v2\/comments?post=16809"}],"version-history":[{"count":0,"href":"https:\/\/maxradio923.com.ar\/index.php\/wp-json\/wp\/v2\/posts\/16809\/revisions"}],"wp:featuredmedia":[{"embeddable":true,"href":"https:\/\/maxradio923.com.ar\/index.php\/wp-json\/wp\/v2\/media\/16810"}],"wp:attachment":[{"href":"https:\/\/maxradio923.com.ar\/index.php\/wp-json\/wp\/v2\/media?parent=16809"}],"wp:term":[{"taxonomy":"category","embeddable":true,"href":"https:\/\/maxradio923.com.ar\/index.php\/wp-json\/wp\/v2\/categories?post=16809"},{"taxonomy":"post_tag","embeddable":true,"href":"https:\/\/maxradio923.com.ar\/index.php\/wp-json\/wp\/v2\/tags?post=16809"}],"curies":[{"name":"wp","href":"https:\/\/api.w.org\/{rel}","templated":true}]}}