{"id":16791,"date":"2024-01-21T12:52:47","date_gmt":"2024-01-21T15:52:47","guid":{"rendered":"https:\/\/maxradio923.com.ar\/index.php\/2024\/01\/21\/este-lunes-conoce-donde-se-realizara-el-operativo-de-limpieza-urbana\/"},"modified":"2024-01-21T12:52:47","modified_gmt":"2024-01-21T15:52:47","slug":"este-lunes-conoce-donde-se-realizara-el-operativo-de-limpieza-urbana","status":"publish","type":"post","link":"https:\/\/maxradio923.com.ar\/index.php\/2024\/01\/21\/este-lunes-conoce-donde-se-realizara-el-operativo-de-limpieza-urbana\/","title":{"rendered":"Este lunes: conoc\u00e9 d\u00f3nde se realizar\u00e1 el Operativo de Limpieza Urbana"},"content":{"rendered":"<p><img decoding=\"async\" src=\"https:\/\/grupomorenomedios.com.ar\/wp-content\/uploads\/2024\/01\/WhatsApp-Image-2024-01-21-at-11.33.13.jpe\"\/><\/p>\n<p><img decoding=\"async\" src=\"https:\/\/diariod3.com\/wp-content\/uploads\/2024\/01\/WhatsApp-Image-2024-01-21-at-11.33.13.jpeg\"\/> <\/p>\n<p>La Municipalidad de Rawson, a trav\u00e9s de la Secretar\u00eda de Obras y Servicios, contin\u00faa trabajado mediante los Operativos de Limpieza Urbana que abarcan todo el departamento.<\/p>\n<p><img decoding=\"async\" src=\"https:\/\/diariod3.com\/wp-content\/uploads\/2024\/01\/WhatsApp-Image-2024-01-21-at-11.33.13-1.webp\"\/> <img decoding=\"async\" src=\"https:\/\/diariod3.com\/wp-content\/uploads\/2024\/01\/WhatsApp-Image-2024-01-21-at-11.33.13.webp\"\/> <img decoding=\"async\" src=\"https:\/\/diariod3.com\/wp-content\/uploads\/2024\/01\/WhatsApp-Image-2024-01-21-at-11.33.14.webp\"\/><\/p>\n<p>Este lunes 22 de enero, las tareas se llevar\u00e1n a cabo en los Barrios Capit\u00e1n Lazo, Congreso y Juana Manso, as\u00ed como en la calle Balmaceda entre Cano y Progreso, en horario de 7 a 12 horas.<\/p>\n<p>Durante este fin de semana, las cuadrillas municipales se desplegaron en Villa Krause, concentr\u00e1ndose en la zona delimitada por las calles Dr. Ortega hasta el Boulevard Sarmiento, y de Lemos a Mendoza.<\/p>\n<p>Las labores planificadas comprenden una minuciosa limpieza de calles, banquinas y cunetas, acompa\u00f1ada de la recolecci\u00f3n de residuos verdes y escombros.<\/p>\n<p>Adem\u00e1s, se llevar\u00e1 a cabo el mantenimiento de espacios verdes en la misma zona.<\/p>\n<p>En ese marco, el municipio solicita a los vecinos sacar sus residuos verdes y escombros antes de las 07 de la ma\u00f1ana del dia del operativo. De esta manera, los trabajadores municipales podr\u00e1n retirarlo.<\/p>\n<p>A su vez, recuerda que est\u00e1 prohibido tirar basura en cualquier zona que no est\u00e9 habilitada y evitar as\u00ed multas.<\/p>\n<p>La entrada Este lunes: conoc\u00e9 d\u00f3nde se realizar\u00e1 el Operativo de Limpieza Urbana se public\u00f3 primero en DIARIO DIGITAL MORENO MEDIOS.<\/p>\n","protected":false},"excerpt":{"rendered":"<p>La Municipalidad de Rawson, a trav\u00e9s de la Secretar\u00eda de Obras y Servicios, contin\u00faa trabajado mediante los Operativos de Limpieza Urbana que abarcan todo el departamento. Este lunes 22 de enero, las tareas se llevar\u00e1n a cabo en los Barrios Capit\u00e1n Lazo, Congreso y Juana Manso, as\u00ed como en la calle Balmaceda entre Cano y [&hellip;]<\/p>\n","protected":false},"author":1,"featured_media":16792,"comment_status":"","ping_status":"","sticky":false,"template":"","format":"standard","meta":{"footnotes":""},"categories":[5],"tags":[],"_links":{"self":[{"href":"https:\/\/maxradio923.com.ar\/index.php\/wp-json\/wp\/v2\/posts\/16791"}],"collection":[{"href":"https:\/\/maxradio923.com.ar\/index.php\/wp-json\/wp\/v2\/posts"}],"about":[{"href":"https:\/\/maxradio923.com.ar\/index.php\/wp-json\/wp\/v2\/types\/post"}],"author":[{"embeddable":true,"href":"https:\/\/maxradio923.com.ar\/index.php\/wp-json\/wp\/v2\/users\/1"}],"replies":[{"embeddable":true,"href":"https:\/\/maxradio923.com.ar\/index.php\/wp-json\/wp\/v2\/comments?post=16791"}],"version-history":[{"count":0,"href":"https:\/\/maxradio923.com.ar\/index.php\/wp-json\/wp\/v2\/posts\/16791\/revisions"}],"wp:featuredmedia":[{"embeddable":true,"href":"https:\/\/maxradio923.com.ar\/index.php\/wp-json\/wp\/v2\/media\/16792"}],"wp:attachment":[{"href":"https:\/\/maxradio923.com.ar\/index.php\/wp-json\/wp\/v2\/media?parent=16791"}],"wp:term":[{"taxonomy":"category","embeddable":true,"href":"https:\/\/maxradio923.com.ar\/index.php\/wp-json\/wp\/v2\/categories?post=16791"},{"taxonomy":"post_tag","embeddable":true,"href":"https:\/\/maxradio923.com.ar\/index.php\/wp-json\/wp\/v2\/tags?post=16791"}],"curies":[{"name":"wp","href":"https:\/\/api.w.org\/{rel}","templated":true}]}}