{"id":16789,"date":"2024-01-21T12:52:40","date_gmt":"2024-01-21T15:52:40","guid":{"rendered":"https:\/\/maxradio923.com.ar\/index.php\/2024\/01\/21\/tragico-choque-en-caucete-fallece-ciclista-de-89-anos-embestido-por-motociclista\/"},"modified":"2024-01-21T12:52:40","modified_gmt":"2024-01-21T15:52:40","slug":"tragico-choque-en-caucete-fallece-ciclista-de-89-anos-embestido-por-motociclista","status":"publish","type":"post","link":"https:\/\/maxradio923.com.ar\/index.php\/2024\/01\/21\/tragico-choque-en-caucete-fallece-ciclista-de-89-anos-embestido-por-motociclista\/","title":{"rendered":"Tr\u00e1gico Choque en Caucete: Fallece Ciclista de 89 A\u00f1os Embestido por Motociclista"},"content":{"rendered":"<p><img decoding=\"async\" src=\"https:\/\/grupomorenomedios.com.ar\/wp-content\/uploads\/2024\/01\/bici.webp.jpg\"\/><\/p>\n<p><img decoding=\"async\" src=\"https:\/\/diariod3.com\/wp-content\/uploads\/2024\/01\/bici.webp\"\/> <\/p>\n<p>Un lamentable suceso tuvo lugar en Caucete, donde un ciclista de 89 a\u00f1os perdi\u00f3 la vida tras ser embestido por una motociclista de 29 a\u00f1os. El incidente ocurri\u00f3 el s\u00e1bado en la intersecci\u00f3n de calle La Plata y avenida de los R\u00edos.<\/p>\n<p>De acuerdo con la informaci\u00f3n proporcionada por fuentes locales, la mujer circulaba en su Motomel cuando, por razones a\u00fan bajo investigaci\u00f3n, colision\u00f3 con el anciano residente de Caucete. Testigos del tr\u00e1gico incidente indicaron que la motociclista podr\u00eda ser una efectivo policial, aunque esta informaci\u00f3n a\u00fan no ha sido confirmada por las autoridades.<\/p>\n<p>El ciclista, gravemente herido, fue trasladado de inmediato al Servicio de Urgencias del Hospital Rawson, presentando un traumatismo craneoencef\u00e1lico, una fractura de pelvis, un corte en la frente, otro en la cadera y politraumatismos. A pesar de los esfuerzos del personal m\u00e9dico, el hombre no logr\u00f3 sobrevivir y falleci\u00f3 pocas horas despu\u00e9s de su ingreso al nosocomio.<\/p>\n<p>La Comisar\u00eda 37ma asumi\u00f3 la responsabilidad de llevar a cabo las medidas legales correspondientes en relaci\u00f3n al tr\u00e1gico accidente. La comunidad de Caucete se encuentra consternada por esta p\u00e9rdida y a la espera de mayores detalles sobre las circunstancias que rodearon este fat\u00eddico choque.<\/p>\n<p>La entrada Tr\u00e1gico Choque en Caucete: Fallece Ciclista de 89 A\u00f1os Embestido por Motociclista se public\u00f3 primero en DIARIO DIGITAL MORENO MEDIOS.<\/p>\n","protected":false},"excerpt":{"rendered":"<p>Un lamentable suceso tuvo lugar en Caucete, donde un ciclista de 89 a\u00f1os perdi\u00f3 la vida tras ser embestido por una motociclista de 29 a\u00f1os. El incidente ocurri\u00f3 el s\u00e1bado en la intersecci\u00f3n de calle La Plata y avenida de los R\u00edos. De acuerdo con la informaci\u00f3n proporcionada por fuentes locales, la mujer circulaba en [&hellip;]<\/p>\n","protected":false},"author":1,"featured_media":16790,"comment_status":"","ping_status":"","sticky":false,"template":"","format":"standard","meta":{"footnotes":""},"categories":[5],"tags":[],"_links":{"self":[{"href":"https:\/\/maxradio923.com.ar\/index.php\/wp-json\/wp\/v2\/posts\/16789"}],"collection":[{"href":"https:\/\/maxradio923.com.ar\/index.php\/wp-json\/wp\/v2\/posts"}],"about":[{"href":"https:\/\/maxradio923.com.ar\/index.php\/wp-json\/wp\/v2\/types\/post"}],"author":[{"embeddable":true,"href":"https:\/\/maxradio923.com.ar\/index.php\/wp-json\/wp\/v2\/users\/1"}],"replies":[{"embeddable":true,"href":"https:\/\/maxradio923.com.ar\/index.php\/wp-json\/wp\/v2\/comments?post=16789"}],"version-history":[{"count":0,"href":"https:\/\/maxradio923.com.ar\/index.php\/wp-json\/wp\/v2\/posts\/16789\/revisions"}],"wp:featuredmedia":[{"embeddable":true,"href":"https:\/\/maxradio923.com.ar\/index.php\/wp-json\/wp\/v2\/media\/16790"}],"wp:attachment":[{"href":"https:\/\/maxradio923.com.ar\/index.php\/wp-json\/wp\/v2\/media?parent=16789"}],"wp:term":[{"taxonomy":"category","embeddable":true,"href":"https:\/\/maxradio923.com.ar\/index.php\/wp-json\/wp\/v2\/categories?post=16789"},{"taxonomy":"post_tag","embeddable":true,"href":"https:\/\/maxradio923.com.ar\/index.php\/wp-json\/wp\/v2\/tags?post=16789"}],"curies":[{"name":"wp","href":"https:\/\/api.w.org\/{rel}","templated":true}]}}