{"id":16779,"date":"2024-01-21T12:51:42","date_gmt":"2024-01-21T15:51:42","guid":{"rendered":"https:\/\/maxradio923.com.ar\/index.php\/2024\/01\/21\/a-cien-anos-de-la-muerte-de-lenin-el-ferreo-conductor-de-la-revolucion-rusa\/"},"modified":"2024-01-21T12:51:42","modified_gmt":"2024-01-21T15:51:42","slug":"a-cien-anos-de-la-muerte-de-lenin-el-ferreo-conductor-de-la-revolucion-rusa","status":"publish","type":"post","link":"https:\/\/maxradio923.com.ar\/index.php\/2024\/01\/21\/a-cien-anos-de-la-muerte-de-lenin-el-ferreo-conductor-de-la-revolucion-rusa\/","title":{"rendered":"A cien a\u00f1os de la muerte de Lenin, el f\u00e9rreo conductor de la Revoluci\u00f3n Rusa"},"content":{"rendered":"<p><img decoding=\"async\" alt=\"El cuerpo de Lenin fue embalsamado y yace en un mausoleo en la Plaza Roja de Mosc\u00fa. \" src=\"https:\/\/www.clarin.com\/img\/2024\/01\/20\/R-Aspn54m_720x0__1.jpg\"\/>El cuerpo de Lenin fue embalsamado y yace en un mausoleo en la Plaza Roja de Mosc\u00fa. <img decoding=\"async\" alt=\"Vladimir Ilich Lenin habla a soldados del nuevo ej\u00e9rcito sovi\u00e9tico en la Plaza Roja de Mosc\u00fa, el 25 de mayo de 1919. Foto: AP\" src=\"https:\/\/www.clarin.com\/img\/2024\/01\/20\/W9AHx8lSe_720x0__1.jpg\"\/>Vladimir Ilich Lenin habla a soldados del nuevo ej\u00e9rcito sovi\u00e9tico en la Plaza Roja de Mosc\u00fa, el 25 de mayo de 1919. Foto: AP<img decoding=\"async\" alt=\"Un monumento a Lenin en Mosc\u00fa. Foto: AFP \" src=\"https:\/\/www.clarin.com\/img\/2022\/04\/12\/KXliS3zzr_720x0__1.jpg\"\/>Un monumento a Lenin en Mosc\u00fa. Foto: AFP <img decoding=\"async\" alt=\"Lenin y Stalin, en una imagen de 1922. Foto: AFP\" src=\"https:\/\/www.clarin.com\/img\/2022\/03\/20\/nGjZUBcBI_720x0__1.jpg\"\/>Lenin y Stalin, en una imagen de 1922. Foto: AFP<\/p>\n","protected":false},"excerpt":{"rendered":"<p>El cuerpo de Lenin fue embalsamado y yace en un mausoleo en la Plaza Roja de Mosc\u00fa. Vladimir Ilich Lenin habla a soldados del nuevo ej\u00e9rcito sovi\u00e9tico en la Plaza Roja de Mosc\u00fa, el 25 de mayo de 1919. Foto: APUn monumento a Lenin en Mosc\u00fa. Foto: AFP Lenin y Stalin, en una imagen de 1922. Foto: AFP<\/p>\n","protected":false},"author":2,"featured_media":16780,"comment_status":"","ping_status":"","sticky":false,"template":"","format":"standard","meta":{"footnotes":""},"categories":[3],"tags":[],"_links":{"self":[{"href":"https:\/\/maxradio923.com.ar\/index.php\/wp-json\/wp\/v2\/posts\/16779"}],"collection":[{"href":"https:\/\/maxradio923.com.ar\/index.php\/wp-json\/wp\/v2\/posts"}],"about":[{"href":"https:\/\/maxradio923.com.ar\/index.php\/wp-json\/wp\/v2\/types\/post"}],"author":[{"embeddable":true,"href":"https:\/\/maxradio923.com.ar\/index.php\/wp-json\/wp\/v2\/users\/2"}],"replies":[{"embeddable":true,"href":"https:\/\/maxradio923.com.ar\/index.php\/wp-json\/wp\/v2\/comments?post=16779"}],"version-history":[{"count":0,"href":"https:\/\/maxradio923.com.ar\/index.php\/wp-json\/wp\/v2\/posts\/16779\/revisions"}],"wp:featuredmedia":[{"embeddable":true,"href":"https:\/\/maxradio923.com.ar\/index.php\/wp-json\/wp\/v2\/media\/16780"}],"wp:attachment":[{"href":"https:\/\/maxradio923.com.ar\/index.php\/wp-json\/wp\/v2\/media?parent=16779"}],"wp:term":[{"taxonomy":"category","embeddable":true,"href":"https:\/\/maxradio923.com.ar\/index.php\/wp-json\/wp\/v2\/categories?post=16779"},{"taxonomy":"post_tag","embeddable":true,"href":"https:\/\/maxradio923.com.ar\/index.php\/wp-json\/wp\/v2\/tags?post=16779"}],"curies":[{"name":"wp","href":"https:\/\/api.w.org\/{rel}","templated":true}]}}