{"id":16777,"date":"2024-01-21T12:51:38","date_gmt":"2024-01-21T15:51:38","guid":{"rendered":"https:\/\/maxradio923.com.ar\/index.php\/2024\/01\/21\/el-fiscal-asesinado-en-ecuador-alerto-al-gobierno-de-la-presencia-de-la-familia-del-narco-fito-macias-en-argentina\/"},"modified":"2024-01-21T12:51:38","modified_gmt":"2024-01-21T15:51:38","slug":"el-fiscal-asesinado-en-ecuador-alerto-al-gobierno-de-la-presencia-de-la-familia-del-narco-fito-macias-en-argentina","status":"publish","type":"post","link":"https:\/\/maxradio923.com.ar\/index.php\/2024\/01\/21\/el-fiscal-asesinado-en-ecuador-alerto-al-gobierno-de-la-presencia-de-la-familia-del-narco-fito-macias-en-argentina\/","title":{"rendered":"El fiscal asesinado en Ecuador alert\u00f3 al Gobierno de la presencia de la familia del narco &#8220;Fito&#8221; Mac\u00edas en Argentina"},"content":{"rendered":"<p><img decoding=\"async\" alt=\"Imagen tomada de la cuenta en X de las Fuerzas Armadas de Ecuador que muestra el cartel de requerimiento de Jos\u00e9 Adolfo Mac\u00edas Villamizar, alias Fito. \" src=\"https:\/\/www.clarin.com\/img\/2024\/01\/19\/oESqmq9iJ_720x0__1.jpg\"\/>Imagen tomada de la cuenta en X de las Fuerzas Armadas de Ecuador que muestra el cartel de requerimiento de Jos\u00e9 Adolfo Mac\u00edas Villamizar, alias Fito. <img decoding=\"async\" alt=\"Un patrullero de de la Polic\u00eda pasa al frente de la entrada del Valle del Golf, un &#039;country&#039; (barrio privado) en Malague\u00f1o, hoy, a las afueras de C\u00f3rdoba donde se encontr\u00f3 a los Mac\u00edas.\" src=\"https:\/\/www.clarin.com\/img\/2024\/01\/20\/r17nNQvq5_720x0__1.jpg\"\/>Un patrullero de de la Polic\u00eda pasa al frente de la entrada del Valle del Golf, un &#039;country&#039; (barrio privado) en Malague\u00f1o, hoy, a las afueras de C\u00f3rdoba donde se encontr\u00f3 a los Mac\u00edas.<img decoding=\"async\" alt=\"La deportaci\u00f3n de los familiares del narco ecuatoriano &quot;Fito&quot; Mac\u00edas.  - Foto: Ministerio de Defensa\" src=\"https:\/\/www.clarin.com\/img\/2024\/01\/20\/kLMrrvCzI_720x0__1.jpg\"\/>La deportaci\u00f3n de los familiares del narco ecuatoriano &quot;Fito&quot; Mac\u00edas.  &#8211; Foto: Ministerio de Defensa<img decoding=\"async\" alt=\"La deportaci\u00f3n de los familiares del narco ecuatoriano &quot;Fito&quot; Mac\u00edas.  - Foto: Ministerio de Defensa\" src=\"https:\/\/www.clarin.com\/img\/2024\/01\/20\/m0Lz6sBe1_720x0__1.jpg\"\/>La deportaci\u00f3n de los familiares del narco ecuatoriano &quot;Fito&quot; Mac\u00edas.  &#8211; Foto: Ministerio de Defensa<img decoding=\"async\" alt=\"Los ministros de Seguridad, Patricia Bullrich (d); de Defensa, Luis Petri (i), y del Interior, Guillermo Francos (2d), observan una pantalla que muestra el operativo de deportaci\u00f3n de los allegados al criminal ecuatoriano &#039;Fito&#039; Mac\u00edas, durante una rueda de prensa. \" src=\"https:\/\/www.clarin.com\/img\/2024\/01\/20\/47Sm2kkwu_720x0__1.jpg\"\/>Los ministros de Seguridad, Patricia Bullrich (d); de Defensa, Luis Petri (i), y del Interior, Guillermo Francos (2d), observan una pantalla que muestra el operativo de deportaci\u00f3n de los allegados al criminal ecuatoriano &#039;Fito&#039; Mac\u00edas, durante una rueda de prensa.<\/p>\n","protected":false},"excerpt":{"rendered":"<p>Imagen tomada de la cuenta en X de las Fuerzas Armadas de Ecuador que muestra el cartel de requerimiento de Jos\u00e9 Adolfo Mac\u00edas Villamizar, alias Fito. Un patrullero de de la Polic\u00eda pasa al frente de la entrada del Valle del Golf, un &#039;country&#039; (barrio privado) en Malague\u00f1o, hoy, a las afueras de C\u00f3rdoba donde se encontr\u00f3 a los Mac\u00edas.La deportaci\u00f3n de los familiares del narco ecuatoriano &#8220;Fito&#8221; Mac\u00edas. &#8211; Foto: Ministerio de DefensaLa deportaci\u00f3n de los familiares del narco ecuatoriano &#8220;Fito&#8221; Mac\u00edas. &#8211; Foto: Ministerio de DefensaLos ministros de Seguridad, Patricia Bullrich (d); de Defensa, Luis Petri (i), y del Interior, Guillermo Francos (2d), observan una pantalla que muestra el operativo de deportaci\u00f3n de los allegados al criminal ecuatoriano &#039;Fito&#039; Mac\u00edas, durante una rueda de prensa.<\/p>\n","protected":false},"author":2,"featured_media":16778,"comment_status":"","ping_status":"","sticky":false,"template":"","format":"standard","meta":{"footnotes":""},"categories":[3],"tags":[],"_links":{"self":[{"href":"https:\/\/maxradio923.com.ar\/index.php\/wp-json\/wp\/v2\/posts\/16777"}],"collection":[{"href":"https:\/\/maxradio923.com.ar\/index.php\/wp-json\/wp\/v2\/posts"}],"about":[{"href":"https:\/\/maxradio923.com.ar\/index.php\/wp-json\/wp\/v2\/types\/post"}],"author":[{"embeddable":true,"href":"https:\/\/maxradio923.com.ar\/index.php\/wp-json\/wp\/v2\/users\/2"}],"replies":[{"embeddable":true,"href":"https:\/\/maxradio923.com.ar\/index.php\/wp-json\/wp\/v2\/comments?post=16777"}],"version-history":[{"count":0,"href":"https:\/\/maxradio923.com.ar\/index.php\/wp-json\/wp\/v2\/posts\/16777\/revisions"}],"wp:featuredmedia":[{"embeddable":true,"href":"https:\/\/maxradio923.com.ar\/index.php\/wp-json\/wp\/v2\/media\/16778"}],"wp:attachment":[{"href":"https:\/\/maxradio923.com.ar\/index.php\/wp-json\/wp\/v2\/media?parent=16777"}],"wp:term":[{"taxonomy":"category","embeddable":true,"href":"https:\/\/maxradio923.com.ar\/index.php\/wp-json\/wp\/v2\/categories?post=16777"},{"taxonomy":"post_tag","embeddable":true,"href":"https:\/\/maxradio923.com.ar\/index.php\/wp-json\/wp\/v2\/tags?post=16777"}],"curies":[{"name":"wp","href":"https:\/\/api.w.org\/{rel}","templated":true}]}}