{"id":16767,"date":"2024-01-21T12:50:48","date_gmt":"2024-01-21T15:50:48","guid":{"rendered":"https:\/\/maxradio923.com.ar\/index.php\/2024\/01\/21\/omar-maturano-cruzo-a-hector-daer-por-el-apriete-a-los-diputados-que-voten-la-ley-omnibus-el-escrache-esta-mal-no-es-el-camino\/"},"modified":"2024-01-21T12:50:48","modified_gmt":"2024-01-21T15:50:48","slug":"omar-maturano-cruzo-a-hector-daer-por-el-apriete-a-los-diputados-que-voten-la-ley-omnibus-el-escrache-esta-mal-no-es-el-camino","status":"publish","type":"post","link":"https:\/\/maxradio923.com.ar\/index.php\/2024\/01\/21\/omar-maturano-cruzo-a-hector-daer-por-el-apriete-a-los-diputados-que-voten-la-ley-omnibus-el-escrache-esta-mal-no-es-el-camino\/","title":{"rendered":"Omar Maturano cruz\u00f3 a H\u00e9ctor Daer por el apriete a los diputados que voten la ley \u00f3mnibus: &#8220;El escrache est\u00e1 mal, no es el camino&#8221;"},"content":{"rendered":"<ul>\n<li>El dirigente ferroviario tambi\u00e9n cuestion\u00f3 el acercamiento de la CGT a la CTA, los movimientos sociales y los partidos de izquierda. <\/li>\n<li>Adem\u00e1s, critic\u00f3 a Cristina Kirchner, Alberto Fern\u00e1ndez y Sergio Massa: &quot;Est\u00e1n metidos abajo de la cama&quot;.<\/li>\n<\/ul>\n","protected":false},"excerpt":{"rendered":"<p>El dirigente ferroviario tambi\u00e9n cuestion\u00f3 el acercamiento de la CGT a la CTA, los movimientos sociales y los partidos de izquierda. Adem\u00e1s, critic\u00f3 a Cristina Kirchner, Alberto Fern\u00e1ndez y Sergio Massa: &#8220;Est\u00e1n metidos abajo de la cama&#8221;.<\/p>\n","protected":false},"author":2,"featured_media":16768,"comment_status":"","ping_status":"","sticky":false,"template":"","format":"standard","meta":{"footnotes":""},"categories":[7],"tags":[],"_links":{"self":[{"href":"https:\/\/maxradio923.com.ar\/index.php\/wp-json\/wp\/v2\/posts\/16767"}],"collection":[{"href":"https:\/\/maxradio923.com.ar\/index.php\/wp-json\/wp\/v2\/posts"}],"about":[{"href":"https:\/\/maxradio923.com.ar\/index.php\/wp-json\/wp\/v2\/types\/post"}],"author":[{"embeddable":true,"href":"https:\/\/maxradio923.com.ar\/index.php\/wp-json\/wp\/v2\/users\/2"}],"replies":[{"embeddable":true,"href":"https:\/\/maxradio923.com.ar\/index.php\/wp-json\/wp\/v2\/comments?post=16767"}],"version-history":[{"count":0,"href":"https:\/\/maxradio923.com.ar\/index.php\/wp-json\/wp\/v2\/posts\/16767\/revisions"}],"wp:featuredmedia":[{"embeddable":true,"href":"https:\/\/maxradio923.com.ar\/index.php\/wp-json\/wp\/v2\/media\/16768"}],"wp:attachment":[{"href":"https:\/\/maxradio923.com.ar\/index.php\/wp-json\/wp\/v2\/media?parent=16767"}],"wp:term":[{"taxonomy":"category","embeddable":true,"href":"https:\/\/maxradio923.com.ar\/index.php\/wp-json\/wp\/v2\/categories?post=16767"},{"taxonomy":"post_tag","embeddable":true,"href":"https:\/\/maxradio923.com.ar\/index.php\/wp-json\/wp\/v2\/tags?post=16767"}],"curies":[{"name":"wp","href":"https:\/\/api.w.org\/{rel}","templated":true}]}}