{"id":16757,"date":"2024-01-21T12:49:40","date_gmt":"2024-01-21T15:49:40","guid":{"rendered":"https:\/\/maxradio923.com.ar\/index.php\/2024\/01\/21\/milei-lograria-salvar-el-70-del-plan-que-desregula-la-economia\/"},"modified":"2024-01-21T12:53:15","modified_gmt":"2024-01-21T15:53:15","slug":"milei-lograria-salvar-el-70-del-plan-que-desregula-la-economia","status":"publish","type":"post","link":"https:\/\/maxradio923.com.ar\/index.php\/2024\/01\/21\/milei-lograria-salvar-el-70-del-plan-que-desregula-la-economia\/","title":{"rendered":"Milei lograr\u00eda salvar el 70% del plan que desregula la econom\u00eda"},"content":{"rendered":"<p><img decoding=\"async\" src=\"https:\/\/diariod3.com\/wp-content\/uploads\/2024\/01\/milei-1.webp\"\/><\/p>\n<p>Lo que se retoc\u00f3, a pedido de la oposici\u00f3n, no alterar\u00eda lo medular en cap\u00edtulos claves del proyecto. LLA no descarta sesionar el jueves.<\/p>\n<figure>\n<figure><img decoding=\"async\" src=\"https:\/\/www.diariodecuyo.com.ar\/__export\/1705796083966\/sites\/diariodecuyo\/img\/2024\/01\/20\/dcc210124-006f06.jpg_1536916664.jpg\" alt=\"Abriendo el paraguas. Por las dudas las negociaciones se empantanen en Diputados por los cambios en la Ley Omnibus, Milei prorrog\u00f3 las sesiones extraordinarias del Congreso Nacional hasta el pr\u00f3ximo 15 de febrero. - La Libertad Avanza CGT ley \u00f3mnibus\"\/><\/p>\n<p>1 de 1 | Abriendo el paraguas. Por las dudas las negociaciones se empantanen en Diputados por los cambios en la Ley Omnibus, Milei prorrog\u00f3 las sesiones extraordinarias del Congreso Nacional hasta el pr\u00f3ximo 15 de febrero. ()<\/p>\n<\/figure>\n<\/figure>\n<p>La Libertad Avanza tendr\u00e1 esta semana el desaf\u00edo de poder sancionar el proyecto Bases con los \u2018grandes acuerdos\u2019 ya cerrados con los bloques opositores dispuestos a respaldar la propuesta del oficialismo, que mantiene el coraz\u00f3n de esa iniciativa, y de enfrentar el primer paro de la CGT a menos de dos meses de asumir el Gobierno.<\/p>\n<p>\u2018Los grandes acuerdos ya estar\u00edan cerrados, el cap\u00edtulo econ\u00f3mico se modificar\u00eda muy poco. Un 70% de lo que se mand\u00f3 saldr\u00eda, todav\u00eda hay puntos en discusi\u00f3n pero vamos encaminados en la desregulaci\u00f3n de la econom\u00eda y las facultades delegadas, el martes 23 de enero podr\u00eda darse el dictamen y el jueves sesionar\u2019, indicaron fuentes del espacio a T\u00e9lam.<\/p>\n<p>De esta manera, el oficialismo lograr\u00eda dar curso a ley Bases sin entregar las modificaciones en materia econ\u00f3mica y legislativa que consideran m\u00e1s importantes del programa pol\u00edtico-econ\u00f3mico del Gobierno Nacional. En este escenario, los dirigentes creen que se han conseguido los suficientes avales del PRO, la UCR, Hacemos Coalici\u00f3n Federal e Innovaci\u00f3n Federal para poder aprobar el proyecto del Ejecutivo sin alargar el debate en la pr\u00f3rroga de las sesiones extraordinarias que dispuso el viernes el Presidente.<\/p>\n<p>Aunque desde LLA indicaron que \u2018puede pasar cualquier cosa\u2019 la pr\u00f3xima semana, se mostraron optimistas y aseguraron que los aportes de la oposici\u00f3n dialoguista \u2018fueron tomados en cuenta\u2019 y no modificaron la reforma econ\u00f3mica y legislativa de fondo que esperaban.<\/p>\n<p>El acuerdo entre el oficialismo y la oposici\u00f3n todav\u00eda no est\u00e1 cerrado, trascendi\u00f3 que comprender\u00e1 cuestiones centrales como la f\u00f3rmula para aumentar las jubilaciones, los sectores productivos alcanzados por las retenciones y con qu\u00e9 porcentajes y el detalle de las empresas a privatizar.<\/p>\n<p>De las propuestas econ\u00f3micas del gobierno, el acuerdo cambiar\u00eda las retenciones a las econom\u00edas regionales, se fijar\u00edan las en 0%, que originalmente se llevaban a un 15% .Si bien se eliminar\u00edan las retenciones a las econom\u00edas regionales, se mantendr\u00edan las al\u00edcuotas para las retenciones agropecuarias, d\u00f3nde se impone un 33% sobre los derechos de exportaci\u00f3n a la soja.<\/p>\n<p>\u2018Estamos sacando una reforma legislativa importante\u2019, aseguraron fuentes cercanas a LLA. Otro punto que aun se est\u00e1 analizando es que pasar\u00e1 con el Fondo de Garant\u00eda de Sustentabilidad ya que desde la oposici\u00f3n piden incorporar como requisito que para poder liquidar dichos activos (luego de ser transferido al Tesoro), de una comisi\u00f3n Bicameral del Congreso. Sobre las empresas del Estado a privatizar, s\u00f3lo se excluir\u00eda a YPF, aunque el bloque radical y Hacemos Coalici\u00f3n Federal tambi\u00e9n pide dejar al margen al Banco Naci\u00f3n, Arsat y Yacimientos Mineros de Agua de Dionisio. Otro punto que se analiza es que las modificaciones de Bienes Personales se traten junto a los cambios que se har\u00e1n al proyecto de Ganancias, que es una reforma impulsada por gobernadores de JXC para mejorar las arcas de sus provincias ya que se trata de tributos coparticipables. Paralelamente, desde LLA esperan mantener las modificaciones propuestas en cuanto a la reorganizaci\u00f3n de la Administraci\u00f3n P\u00fablica nacional y lograr as\u00ed sostener la pol\u00edtica de \u2018d\u00e9ficit cero\u2019, una de las promesas m\u00e1s grandes de la campa\u00f1a.<\/p>\n<p>El proyecto de ley tambi\u00e9n tiene como objetivo habilitar la eliminaci\u00f3n de reparticiones cuya finalidad sea replicada en otros organismos o en la justicia, como el INADI. Otro punto del acuerdo con los bloques opositores que est\u00e1n dispuestos a respaldar el proyecto es la propuesta sobre blanqueo de capitales y tambi\u00e9n se destaca desde la Libertad Avanza que no haya objeciones al pase a disponibilidad de los empleados estatales cuyos cargos sean eliminados por la reestructuraci\u00f3n del Estado.<\/p>\n<p>Las conversaciones que se realizan en el Congreso las est\u00e1 realizando, el ministro del Interior Guillermo Francos, el asesor Santiago Caputo y el presidente de la C\u00e1mara de Diputados, Mart\u00edn Menen.<\/p>\n<p>La Libertad Avanza decidi\u00f3 postergar su intento de sesi\u00f3n para el jueves para no coincidir con paro general y movilizaci\u00f3n por parte de la CGT del mi\u00e9rcoles 24 de enero en rechazo de esta ley y el mega DNU.<\/p>\n<h2>Fuerte amenaza de Dar a los diputados<\/h2>\n<p>En medio de las reuniones del gobierno de Javier Milei con los bloques del PRO, la UCR y Hacemos Coalici\u00f3n Federal para acelerar el tratamiento de la ley \u00f3mnibus, el secretario general de la CGT H\u00e9ctor Daer lanz\u00f3 una dur\u00edsima amenaza contra diputados de la oposici\u00f3n \u2018dialoguistas\u2019 que negocian con La Libertad Avanza (LLA) para acompa\u00f1ar en la C\u00e1mara baja la aprobaci\u00f3n del paquete de reforma del Estado.<\/p>\n<p>\u2018Los dialoguistas no van a poder caminar por la calle\u2019, advirti\u00f3 en tono amenazante a los diputados opositores. \u2018Si van y entregan el Banco Naci\u00f3n, no van a poder caminar porque no es un tema de los trabajadores sino que gener\u00f3 las posibilidades de desarrollo de todo el pa\u00eds\u2019, advirti\u00f3, y plante\u00f3: \u2018El debate de fondo es si se va a destruir un instrumento, que no es el mejor pero que existe, para la actualizaci\u00f3n de las jubilaciones y el tema de las privatizaciones. Me extra\u00f1a que hoy en los medios lo \u00fanico que quieran sacar de las privatizaciones es YPF\u2019.<\/p>\n<h2>Dan de baja a m\u00e1s de 27 mil planes<\/h2>\n<p>Luego de la auditor\u00eda de los programas sociales que puso el Ministerio de Capital Humano, que conduce Sandra Pettovello, el Gobierno anunci\u00f3 que dar\u00e1n de baja m\u00e1s de 27 mil planes sociales por incompatibilidades.<\/p>\n<p>\u00abSe detectaron 27.208 planes \u2018Potenciar Trabajo\u2019 y 12 \u2018Potenciar empleo\u2019 con incompatibilidades a los que inmediatamente se les suspendi\u00f3 el pago, evitando as\u00ed la erogaci\u00f3n incorrecta de $2.000.000.000 millones de del Estado nacional\u00bb, indic\u00f3 el Ministerio.<\/p>\n<p>El Ejecutivo tom\u00f3 la medida tras el cruce de informaci\u00f3n entre Anses y el Sinstys (Sistema de identificaci\u00f3n nacional tributaria y social). Algunas de las incompatibilidades que se encontraron fueron \u00abbeneficios de jubilaci\u00f3n o pensi\u00f3n, prestaci\u00f3n por desempleo, monotributistas categor\u00eda C o superior, trabajadores aut\u00f3nomos\u00bb. Tambi\u00e9n hallaron casos de \u00abincompatibilidad por residencia en el extranjero, fallecidos o poseer un auto con menos de 10 a\u00f1os de antig\u00fcedad\u00bb.<\/p>\n<h2>Massa y toda  su tropa se pliegan al paro de la CGT<\/h2>\n<figure><img decoding=\"async\" src=\"https:\/\/www.diariodecuyo.com.ar\/export\/sites\/diariodecuyo\/img\/2024\/01\/20\/dcc210124-006f07.jpg_106991718.jpg\"\/><figcaption>De vuelta al ruedo. Despu\u00e9s de desaparecer de la escena pol\u00edtica tras su derrota electoral, Sergio Massa busca reinventarse y recuperar terreno.<\/figcaption><\/figure>\n<p>El excandidato a presidente de Uni\u00f3n por la Patria (UxP) y exministro de Econom\u00eda, Sergio Massa, se reuni\u00f3 con veinte intendentes bonaerenses del Frente Renovador (FR), quienes ratificaron su apoyo y participaci\u00f3n al paro y marcha convocados por la CGT para el 24 de enero y plantearon su rechazo a la Ley \u2018Bases y Puntos de Partida para La Libertad\u2019 y al decreto de necesidad y urgencia (DNU) que impulsa el Gobierno.<\/p>\n<p>En el encuentro, que se hizo la noche del viernes y los jefes comunales reportaron ayer en sus redes sociales, los intendentes discutieron sobre el aumento en las retenciones, la paralizaci\u00f3n de las obras p\u00fablicas, la decisi\u00f3n de descontar el d\u00eda de paro a los trabajadores estatales y los aumentos en los precios, entre otros puntos. Tambi\u00e9n anticiparon que van a dialogar con productores locales y legisladores sobre las medidas que afectan a sus municipios, en posteos que realizaron en sus redes sociales, donde compartieron fotos de la reuni\u00f3n.<\/p>\n<p>El intendente de General Pinto, Alfredo Zavatarelli, que comparti\u00f3 fotos del encuentro, escribi\u00f3 en su cuenta de X: \u2018Rechazamos la suba de retenciones y ratificamos marchar el 24 junto a la CGT, contra la Ley Omnibus y el DNU\u2019 y se pronunci\u00f3 en contra de \u2018la paralizaci\u00f3n de las obras p\u00fablicas y un freno a los desmedidos aumentos de precios\u2019.<\/p>\n<p>El jefe comunal de General Alvarado, Sebasti\u00e1n Ianantuony, precis\u00f3 que comparte la decisi\u00f3n de \u2018defender a los productores contra la suba de retenciones que se quiere imponer al campo y a las pymes exportadoras\u2019. \u2018Tambi\u00e9n ratificamos nuestro compromiso de marchar el 24 junto a la CGT y el resto de los sectores perjudicados por la Ley \u00d3mnibus y el DNU. Adem\u00e1s de no descontar el d\u00eda de paro a nuestros trabajadores respetando su derecho\u2019, agreg\u00f3 en la plataforma X.<\/p>\n","protected":false},"excerpt":{"rendered":"<p>Lo que se retoc\u00f3, a pedido de la oposici\u00f3n, no alterar\u00eda lo medular en cap\u00edtulos claves del proyecto. LLA no descarta sesionar el jueves.<\/p>\n<p>1 de 1 | Abriendo el paraguas. Por las dudas las negociaciones se empantanen en Diputados por los cambios en la Ley Omnibus, Milei prorrog\u00f3 las sesiones extraordinarias del Congreso Nacional hasta el pr\u00f3ximo 15 de febrero. ()<\/p>\n<p>La Libertad Avanza tendr\u00e1 esta semana el desaf\u00edo de poder sancionar el proyecto Bases con los \u2018grandes acuerdos\u2019 ya cerrados con los bloques opositores dispuestos a respaldar la propuesta del oficialismo, que mantiene el coraz\u00f3n de esa iniciativa, y de enfrentar el primer paro de la CGT a menos de dos meses de asumir el Gobierno.<\/p>\n<p>\u2018Los grandes acuerdos ya estar\u00edan cerrados, el cap\u00edtulo econ\u00f3mico se modificar\u00eda muy poco. Un 70% de lo que se mand\u00f3 saldr\u00eda, todav\u00eda hay puntos en discusi\u00f3n pero vamos encaminados en la desregulaci\u00f3n de la econom\u00eda y las facultades delegadas, el martes 23 de enero podr\u00eda darse el dictamen y el jueve..<\/p>\n","protected":false},"author":2,"featured_media":16796,"comment_status":"closed","ping_status":"","sticky":false,"template":"","format":"standard","meta":{"footnotes":""},"categories":[12],"tags":[],"_links":{"self":[{"href":"https:\/\/maxradio923.com.ar\/index.php\/wp-json\/wp\/v2\/posts\/16757"}],"collection":[{"href":"https:\/\/maxradio923.com.ar\/index.php\/wp-json\/wp\/v2\/posts"}],"about":[{"href":"https:\/\/maxradio923.com.ar\/index.php\/wp-json\/wp\/v2\/types\/post"}],"author":[{"embeddable":true,"href":"https:\/\/maxradio923.com.ar\/index.php\/wp-json\/wp\/v2\/users\/2"}],"replies":[{"embeddable":true,"href":"https:\/\/maxradio923.com.ar\/index.php\/wp-json\/wp\/v2\/comments?post=16757"}],"version-history":[{"count":1,"href":"https:\/\/maxradio923.com.ar\/index.php\/wp-json\/wp\/v2\/posts\/16757\/revisions"}],"predecessor-version":[{"id":16795,"href":"https:\/\/maxradio923.com.ar\/index.php\/wp-json\/wp\/v2\/posts\/16757\/revisions\/16795"}],"wp:featuredmedia":[{"embeddable":true,"href":"https:\/\/maxradio923.com.ar\/index.php\/wp-json\/wp\/v2\/media\/16796"}],"wp:attachment":[{"href":"https:\/\/maxradio923.com.ar\/index.php\/wp-json\/wp\/v2\/media?parent=16757"}],"wp:term":[{"taxonomy":"category","embeddable":true,"href":"https:\/\/maxradio923.com.ar\/index.php\/wp-json\/wp\/v2\/categories?post=16757"},{"taxonomy":"post_tag","embeddable":true,"href":"https:\/\/maxradio923.com.ar\/index.php\/wp-json\/wp\/v2\/tags?post=16757"}],"curies":[{"name":"wp","href":"https:\/\/api.w.org\/{rel}","templated":true}]}}