{"id":16755,"date":"2024-01-21T12:49:36","date_gmt":"2024-01-21T15:49:36","guid":{"rendered":"https:\/\/maxradio923.com.ar\/index.php\/2024\/01\/21\/masiva-movilizacion-en-avellaneda-en-rechazo-a-la-ley-bases-y-el-dnu\/"},"modified":"2024-01-21T12:53:11","modified_gmt":"2024-01-21T15:53:11","slug":"masiva-movilizacion-en-avellaneda-en-rechazo-a-la-ley-bases-y-el-dnu","status":"publish","type":"post","link":"https:\/\/maxradio923.com.ar\/index.php\/2024\/01\/21\/masiva-movilizacion-en-avellaneda-en-rechazo-a-la-ley-bases-y-el-dnu\/","title":{"rendered":"Masiva movilizaci\u00f3n en Avellaneda en rechazo a la ley \u2018Bases\u2019 y el DNU"},"content":{"rendered":"<p><img decoding=\"async\" src=\"https:\/\/diariod3.com\/wp-content\/uploads\/2024\/01\/65ac4f1fb6611_1200.jpg\"\/><\/p>\n<p>El intendente Jorge Ferarresi, que encabez\u00f3 la columna de manifestantes conformada por trabajadores, jubilados, estudiantes, militantes y vecinos, llam\u00f3 a no quedarse \u00abcallados frente a las injusticias y la insensibilidad contra nuestro pueblo\u00bb.<\/p>\n<figure><img decoding=\"async\" src=\"https:\/\/www.telam.com.ar\/thumbs\/bluesteel\/advf\/imagenes\/2024\/01\/65ac4f1fb6611_1200.jpg\" alt=\"Foto Alfredo Luna\"\/><figcaption>Foto: Alfredo Luna<\/figcaption><\/figure>\n<p>Referentes de las 15 mesas multisectoriales y de la comunidad de Avellaneda, cooperativas, trabajadores y vecinos realizaron una masiva movilizaci\u00f3n en ese partido de la zona sur para <strong>\u00abdefender la Patria y la democracia\u00bb<\/strong> y en rechazo del \u00abajuste\u00bb que implican la ley \u2018Bases\u2019 y el DNU de desregulaci\u00f3n econ\u00f3mica promovidos por el Gobierno nacional.<\/p>\n<p>Una nutrida columna integrada por trabajadores, jubilados, estudiantes, militantes y vecinos se congreg\u00f3 el s\u00e1bado por la tarde para movilizar desde avenida Mitre y Las Flores, en Wilde, hacia la hist\u00f3rica Plaza Alsina, en Mitre y Alsina.<\/p>\n<figure><img decoding=\"async\" src=\"https:\/\/www.telam.com.ar\/thumbs\/bluesteel\/advf\/imagenes\/2024\/01\/65ac4f2005fc5_1200.jpg\" alt=\"Foto Alfredo Luna\"\/><figcaption>Foto: Alfredo Luna<\/figcaption><\/figure>\n<p><strong>\u00abMovilizamos con el pueblo avellanedense en rechazo al ajuste, la ley \u00f3mnibus y el DNU\u00bb<\/strong>, public\u00f3 en su cuenta de la red social X el intendente local, Jorge Ferarresi, quien encabez\u00f3 la columna de manifestantes, que recorri\u00f3 m\u00e1s de 60 cuadras hasta la Plaza Alsina.<\/p>\n<p>La movilziaci\u00f3n fue para \u00abdefender la Patria y la democracia\u00bb, expres\u00f3 Ferraresi, que llam\u00f3 a no quedarse \u00abcallados frente a las injusticias y la insensibilidad contra nuestro pueblo\u00bb.<\/p>\n<figure><img decoding=\"async\" src=\"https:\/\/www.telam.com.ar\/thumbs\/bluesteel\/advf\/imagenes\/2024\/01\/65ac4f1f9330f_1200.jpg\" alt=\"Foto Alfredo Luna\"\/><figcaption>Foto: Alfredo Luna<\/figcaption><\/figure>\n<p>\u00abComo dijo nuestro gobernador Axel Kicillof, vamos a hacer aquello para lo que tenemos legitimidad, que es defender y acompa\u00f1ar a nuestro pueblo \u00a1La Patria no se vende!\u00bb, a\u00f1adi\u00f3.<\/p>\n<figure><img decoding=\"async\" src=\"https:\/\/www.telam.com.ar\/thumbs\/bluesteel\/advf\/imagenes\/2024\/01\/65ad016c22a15_1200.jpg\" alt=\"Foto Alfredo Luna\"\/><figcaption>Foto: Alfredo Luna<\/figcaption><\/figure>\n<p>Y destac\u00f3 que \u00abla uni\u00f3n de la comunidad es indispensable para decirle \u2018no\u2019 a los tarifazos, las medidas inconstitucionales y el plan de ajuste que propone el Gobierno nacional\u00bb.<\/p>\n<p>La protesta hab\u00eda sido acordada por los referentes de las 15 mesas multisectoriales en un plenario que tuvo lugar el jueves pasado.<\/p>\n<figure><img decoding=\"async\" src=\"https:\/\/www.telam.com.ar\/thumbs\/bluesteel\/advf\/imagenes\/2024\/01\/65ac4f1fda060_1200.jpg\" alt=\"Foto Alfredo Luna\"\/><figcaption>Foto: Alfredo Luna<\/figcaption><\/figure>\n","protected":false},"excerpt":{"rendered":"<p>El intendente Jorge Ferarresi, que encabez\u00f3 la columna de manifestantes conformada por trabajadores, jubilados, estudiantes, militantes y vecinos, llam\u00f3 a no quedarse \u00abcallados frente a las injusticias y la insensibilidad contra nuestro pueblo\u00bb.<\/p>\n<p>Foto: Alfredo Luna<br \/>\nReferentes de las 15 mesas multisectoriales y de la comunidad de Avellaneda, cooperativas, trabajadores y vecinos realizaron una masiva movilizaci\u00f3n en ese partido de la zona sur para \u00abdefender la Patria y la democracia\u00bb y en rechazo del \u00abajuste\u00bb que implican la ley \u2018Bases\u2019 y el DNU de desregulaci\u00f3n econ\u00f3mica promovidos por el Gobierno nacional.<\/p>\n<p>Una nutrida columna integrada por trabajadores, jubilados, estudiantes, militantes y vecinos se congreg\u00f3 el s\u00e1bado por la tarde para movilizar desde avenida Mitre y Las Flores, en Wilde, hacia la hist\u00f3rica Plaza Alsina, en Mitre y Alsina.<\/p>\n<p>Foto: Alfredo Luna<br \/>\n\u00abMovilizamos con el pueblo avellanedense en rechazo al ajuste, la ley \u00f3mnibus y el DNU\u00bb, public\u00f3 en su cuenta de la red social..<\/p>\n","protected":false},"author":2,"featured_media":16794,"comment_status":"closed","ping_status":"","sticky":false,"template":"","format":"standard","meta":{"footnotes":""},"categories":[12],"tags":[],"_links":{"self":[{"href":"https:\/\/maxradio923.com.ar\/index.php\/wp-json\/wp\/v2\/posts\/16755"}],"collection":[{"href":"https:\/\/maxradio923.com.ar\/index.php\/wp-json\/wp\/v2\/posts"}],"about":[{"href":"https:\/\/maxradio923.com.ar\/index.php\/wp-json\/wp\/v2\/types\/post"}],"author":[{"embeddable":true,"href":"https:\/\/maxradio923.com.ar\/index.php\/wp-json\/wp\/v2\/users\/2"}],"replies":[{"embeddable":true,"href":"https:\/\/maxradio923.com.ar\/index.php\/wp-json\/wp\/v2\/comments?post=16755"}],"version-history":[{"count":1,"href":"https:\/\/maxradio923.com.ar\/index.php\/wp-json\/wp\/v2\/posts\/16755\/revisions"}],"predecessor-version":[{"id":16793,"href":"https:\/\/maxradio923.com.ar\/index.php\/wp-json\/wp\/v2\/posts\/16755\/revisions\/16793"}],"wp:featuredmedia":[{"embeddable":true,"href":"https:\/\/maxradio923.com.ar\/index.php\/wp-json\/wp\/v2\/media\/16794"}],"wp:attachment":[{"href":"https:\/\/maxradio923.com.ar\/index.php\/wp-json\/wp\/v2\/media?parent=16755"}],"wp:term":[{"taxonomy":"category","embeddable":true,"href":"https:\/\/maxradio923.com.ar\/index.php\/wp-json\/wp\/v2\/categories?post=16755"},{"taxonomy":"post_tag","embeddable":true,"href":"https:\/\/maxradio923.com.ar\/index.php\/wp-json\/wp\/v2\/tags?post=16755"}],"curies":[{"name":"wp","href":"https:\/\/api.w.org\/{rel}","templated":true}]}}