{"id":16749,"date":"2024-01-21T12:48:55","date_gmt":"2024-01-21T15:48:55","guid":{"rendered":"https:\/\/maxradio923.com.ar\/index.php\/2024\/01\/21\/masacre-de-gonzalez-catan-la-doble-tragedia-de-una-familia-y-la-historia-de-la-victima-mas-joven\/"},"modified":"2024-01-21T12:48:55","modified_gmt":"2024-01-21T15:48:55","slug":"masacre-de-gonzalez-catan-la-doble-tragedia-de-una-familia-y-la-historia-de-la-victima-mas-joven","status":"publish","type":"post","link":"https:\/\/maxradio923.com.ar\/index.php\/2024\/01\/21\/masacre-de-gonzalez-catan-la-doble-tragedia-de-una-familia-y-la-historia-de-la-victima-mas-joven\/","title":{"rendered":"Masacre de Gonz\u00e1lez Cat\u00e1n: la doble tragedia de una familia y la historia de la v\u00edctima m\u00e1s joven"},"content":{"rendered":"<p><img decoding=\"async\" alt=\"El altar que qued\u00f3 del velatorio de Luis Fernando Bascope en la casa de Julia, su mam\u00e1. Foto Luciano Thieberger\" src=\"https:\/\/www.clarin.com\/img\/2024\/01\/20\/TiwoQxJLO_720x0__1.jpg\"\/>El altar que qued\u00f3 del velatorio de Luis Fernando Bascope en la casa de Julia, su mam\u00e1. Foto Luciano Thieberger<img decoding=\"async\" alt=\"Luis Fernando Bascope, asesinado en la masacre de Gonz\u00e1lez Cat\u00e1n. Foto Luciano Thieberger\" src=\"https:\/\/www.clarin.com\/img\/2024\/01\/20\/9sRnkaJwZ_720x0__1.jpg\"\/>Luis Fernando Bascope, asesinado en la masacre de Gonz\u00e1lez Cat\u00e1n. Foto Luciano Thieberger<img decoding=\"async\" alt=\"El barrio 8 de diciembre, donde el suegro de Luis le hab\u00eda regalado un terreno. Foto Juano Tesone\" src=\"https:\/\/www.clarin.com\/img\/2024\/01\/20\/dpv-5_24f_720x0__1.jpg\"\/>El barrio 8 de diciembre, donde el suegro de Luis le hab\u00eda regalado un terreno. Foto Juano Tesone<\/p>\n","protected":false},"excerpt":{"rendered":"<p>El altar que qued\u00f3 del velatorio de Luis Fernando Bascope en la casa de Julia, su mam\u00e1. Foto Luciano ThiebergerLuis Fernando Bascope, asesinado en la masacre de Gonz\u00e1lez Cat\u00e1n. Foto Luciano ThiebergerEl barrio 8 de diciembre, donde el suegro de Luis le hab\u00eda regalado un terreno. Foto Juano Tesone<\/p>\n","protected":false},"author":2,"featured_media":16750,"comment_status":"","ping_status":"","sticky":false,"template":"","format":"standard","meta":{"footnotes":""},"categories":[6],"tags":[],"_links":{"self":[{"href":"https:\/\/maxradio923.com.ar\/index.php\/wp-json\/wp\/v2\/posts\/16749"}],"collection":[{"href":"https:\/\/maxradio923.com.ar\/index.php\/wp-json\/wp\/v2\/posts"}],"about":[{"href":"https:\/\/maxradio923.com.ar\/index.php\/wp-json\/wp\/v2\/types\/post"}],"author":[{"embeddable":true,"href":"https:\/\/maxradio923.com.ar\/index.php\/wp-json\/wp\/v2\/users\/2"}],"replies":[{"embeddable":true,"href":"https:\/\/maxradio923.com.ar\/index.php\/wp-json\/wp\/v2\/comments?post=16749"}],"version-history":[{"count":0,"href":"https:\/\/maxradio923.com.ar\/index.php\/wp-json\/wp\/v2\/posts\/16749\/revisions"}],"wp:featuredmedia":[{"embeddable":true,"href":"https:\/\/maxradio923.com.ar\/index.php\/wp-json\/wp\/v2\/media\/16750"}],"wp:attachment":[{"href":"https:\/\/maxradio923.com.ar\/index.php\/wp-json\/wp\/v2\/media?parent=16749"}],"wp:term":[{"taxonomy":"category","embeddable":true,"href":"https:\/\/maxradio923.com.ar\/index.php\/wp-json\/wp\/v2\/categories?post=16749"},{"taxonomy":"post_tag","embeddable":true,"href":"https:\/\/maxradio923.com.ar\/index.php\/wp-json\/wp\/v2\/tags?post=16749"}],"curies":[{"name":"wp","href":"https:\/\/api.w.org\/{rel}","templated":true}]}}