{"id":16747,"date":"2024-01-21T12:48:51","date_gmt":"2024-01-21T15:48:51","guid":{"rendered":"https:\/\/maxradio923.com.ar\/index.php\/2024\/01\/21\/beto-el-productor-de-cumbia-que-se-hizo-narco-chaman-y-ahora-atiende-pacientes-en-una-carcel\/"},"modified":"2024-01-21T12:48:51","modified_gmt":"2024-01-21T15:48:51","slug":"beto-el-productor-de-cumbia-que-se-hizo-narco-chaman-y-ahora-atiende-pacientes-en-una-carcel","status":"publish","type":"post","link":"https:\/\/maxradio923.com.ar\/index.php\/2024\/01\/21\/beto-el-productor-de-cumbia-que-se-hizo-narco-chaman-y-ahora-atiende-pacientes-en-una-carcel\/","title":{"rendered":"&#8220;Beto&#8221;, el productor de cumbia que se hizo narco, cham\u00e1n y ahora atiende pacientes en una c\u00e1rcel"},"content":{"rendered":"<p><img decoding=\"async\" alt=\"&quot;Beto&quot; Basimiani deber\u00e1 afrontar en 2024 un juicio oral en el que se lo acusa por el presunto abuso sexual de dos hijas de su pareja, de 7 y 13 a\u00f1os.\" src=\"https:\/\/www.clarin.com\/img\/2015\/11\/24\/HygoxJf14x_720x0.jpg\"\/>&quot;Beto&quot; Basimiani deber\u00e1 afrontar en 2024 un juicio oral en el que se lo acusa por el presunto abuso sexual de dos hijas de su pareja, de 7 y 13 a\u00f1os.<img decoding=\"async\" alt=\"&quot;El Se\u00f1or Fusil&quot;, protagonista de una incre\u00edble fuga en Salta para A\u00f1o Nuevo.\" src=\"https:\/\/www.clarin.com\/img\/2024\/01\/06\/licX_HthC_720x0__1.jpg\"\/>&quot;El Se\u00f1or Fusil&quot;, protagonista de una incre\u00edble fuga en Salta para A\u00f1o Nuevo.<img decoding=\"async\" alt=\"El Complejo Penitenciario Federal III, en General G\u00fcemes, Salta.\" src=\"https:\/\/www.clarin.com\/img\/2024\/01\/17\/MhNMpc4o7_720x0__1.jpg\"\/>El Complejo Penitenciario Federal III, en General G\u00fcemes, Salta.<\/p>\n","protected":false},"excerpt":{"rendered":"<p>&#8220;Beto&#8221; Basimiani deber\u00e1 afrontar en 2024 un juicio oral en el que se lo acusa por el presunto abuso sexual de dos hijas de su pareja, de 7 y 13 a\u00f1os.&#8221;El Se\u00f1or Fusil&#8221;, protagonista de una incre\u00edble fuga en Salta para A\u00f1o Nuevo.El Complejo Penitenciario Federal III, en General G\u00fcemes, Salta.<\/p>\n","protected":false},"author":2,"featured_media":16748,"comment_status":"","ping_status":"","sticky":false,"template":"","format":"standard","meta":{"footnotes":""},"categories":[6],"tags":[],"_links":{"self":[{"href":"https:\/\/maxradio923.com.ar\/index.php\/wp-json\/wp\/v2\/posts\/16747"}],"collection":[{"href":"https:\/\/maxradio923.com.ar\/index.php\/wp-json\/wp\/v2\/posts"}],"about":[{"href":"https:\/\/maxradio923.com.ar\/index.php\/wp-json\/wp\/v2\/types\/post"}],"author":[{"embeddable":true,"href":"https:\/\/maxradio923.com.ar\/index.php\/wp-json\/wp\/v2\/users\/2"}],"replies":[{"embeddable":true,"href":"https:\/\/maxradio923.com.ar\/index.php\/wp-json\/wp\/v2\/comments?post=16747"}],"version-history":[{"count":0,"href":"https:\/\/maxradio923.com.ar\/index.php\/wp-json\/wp\/v2\/posts\/16747\/revisions"}],"wp:featuredmedia":[{"embeddable":true,"href":"https:\/\/maxradio923.com.ar\/index.php\/wp-json\/wp\/v2\/media\/16748"}],"wp:attachment":[{"href":"https:\/\/maxradio923.com.ar\/index.php\/wp-json\/wp\/v2\/media?parent=16747"}],"wp:term":[{"taxonomy":"category","embeddable":true,"href":"https:\/\/maxradio923.com.ar\/index.php\/wp-json\/wp\/v2\/categories?post=16747"},{"taxonomy":"post_tag","embeddable":true,"href":"https:\/\/maxradio923.com.ar\/index.php\/wp-json\/wp\/v2\/tags?post=16747"}],"curies":[{"name":"wp","href":"https:\/\/api.w.org\/{rel}","templated":true}]}}