{"id":16725,"date":"2024-01-20T12:02:16","date_gmt":"2024-01-20T15:02:16","guid":{"rendered":"https:\/\/maxradio923.com.ar\/index.php\/2024\/01\/20\/massot-el-gobierno-entendio-que-no-puede-gobernar-solo\/"},"modified":"2024-01-20T12:02:16","modified_gmt":"2024-01-20T15:02:16","slug":"massot-el-gobierno-entendio-que-no-puede-gobernar-solo","status":"publish","type":"post","link":"https:\/\/maxradio923.com.ar\/index.php\/2024\/01\/20\/massot-el-gobierno-entendio-que-no-puede-gobernar-solo\/","title":{"rendered":"Massot: \u00abEl Gobierno entendi\u00f3 que no puede gobernar solo\u00bb"},"content":{"rendered":"<p><img decoding=\"async\" src=\"https:\/\/diariod3.com\/wp-content\/uploads\/2024\/01\/6571f63f57f6c.12.2023-monzo-massot-pichetto-foto-eliana-obregon_1200.jpg\"\/><\/p>\n<p>El diputado nacional de Hacemos Coalici\u00f3n Federal hizo un balance de esta semana respecto del tratamiento en el Congreso de la ley de Bases y Puntos de Partida para La Libertad de los Argentinos. \u00abEsta semana el Gobierno mostr\u00f3 vocaci\u00f3n de acordar\u00bb, dijo.<\/p>\n<figure><img decoding=\"async\" src=\"https:\/\/www.telam.com.ar\/thumbs\/bluesteel\/advf\/imagenes\/2023\/12\/6571f63f57f6c.12.2023%20monzo%20massot%20pichetto%20foto%20eliana%20obregon_1200.jpg\" alt=\"Foto Eliana Obregn\"\/><figcaption>Foto: Eliana Obreg\u00f3n<\/figcaption><\/figure>\n<p>El diputado nacional Nicol\u00e1s Massot (Hacemos Coalici\u00f3n Federal) sostuvo hoy que \u00abel Gobierno entendi\u00f3 que no puede gobernar solo\u00bb, al hacer un balance de esta semana respecto del tratamiento en el Congreso de la ley de Bases y Puntos de Partida para La Libertad de los Argentinos.<\/p>\n<p><strong>\u00abEsta semana el Gobierno mostr\u00f3 vocaci\u00f3n de acordar y mostr\u00f3 haber entendido que no puede gobernar solo, y que las modificaciones que est\u00e1bamos planteando ten\u00edan que ver con mejorar la ley\u00bb<\/strong>, sostuvo Massot esta ma\u00f1ana en declaraciones a Radio Con Vos.<\/p>\n<p>El diputado a\u00f1adi\u00f3 que \u00ablo m\u00e1s importantes es definir quien paga el ajuste\u00bb y que las autoridades \u00abllegaron al Gobierno diciendo algo pero hicieron otra cosa. En vez de meterse con los tratamientos especiales de impuestos se tom\u00f3 el camino m\u00e1s f\u00e1cil e injusto que es ajustar a los jubilados, a los asalariados con el impuesto a las ganancias y a las econom\u00edas regionales con las retenciones\u00bb.<\/p>\n<p>\u00abEl freno que pusimos esta semana tiene que ver con todo esto\u00bb, dijo y asegur\u00f3 que<strong> su bloque \u00abno va a votar ning\u00fan aumento de retenciones<\/strong> e instamos al Gobierno a que hagan tratamientos especiales de impuestos donde hay sujetos o secciones de la econom\u00eda que tienen subsidios, ya cuando se trata de encontrar el equilibrio fiscal, estamos todos de acuerdo\u00bb.<\/p>\n<p>En este punto, el diputado remarc\u00f3 que \u00abel d\u00e9ficit cero es totalmente alcanzable\u00bb y resalt\u00f3 la intenci\u00f3n de \u00abayudar para lograr este objetivo\u00bb.<\/p>\n<p>Por otra parte, en materia de <strong>privatizaciones <\/strong>sostuvo que entre las modificaciones propuestas por su bloque, \u00abexcluimos empresas como YPF, Arsat, Banco Naci\u00f3n y el Imad, y para las que aprobemos empezar ese camino, le vamos a exigir que la etapa prelicitatoria pase todo el proceso por el Congreso para evitar cualquier conflicto de inter\u00e9s\u00bb.<\/p>\n<p>Por lo que concluy\u00f3 con que esta semana se hicieron \u00ab<strong>una gran cantidad de modificaciones bien relevantes\u00bb<\/strong> e insisti\u00f3 en que \u00abno vamos a aceptar que se recorte por los jubilados y por la clase media\u00bb.<\/p>\n<p>\u00abLo que hay que tratar es de cuidar la equidad en todas las cosas, nuestro planteo es conceptual\u00bb, defini\u00f3 el legislador.<\/p>\n","protected":false},"excerpt":{"rendered":"<p>El diputado nacional de Hacemos Coalici\u00f3n Federal hizo un balance de esta semana respecto del tratamiento en el Congreso de la ley de Bases y Puntos de Partida para La Libertad de los Argentinos. \u00abEsta semana el Gobierno mostr\u00f3 vocaci\u00f3n de acordar\u00bb, dijo.<\/p>\n<p>Foto: Eliana Obreg\u00f3n<br \/>\nEl diputado nacional Nicol\u00e1s Massot (Hacemos Coalici\u00f3n Federal) sostuvo hoy que \u00abel Gobierno entendi\u00f3 que no puede gobernar solo\u00bb, al hacer un balance de esta semana respecto del tratamiento en el Congreso de la ley de Bases y Puntos de Partida para La Libertad de los Argentinos.<\/p>\n<p>\u00abEsta semana el Gobierno mostr\u00f3 vocaci\u00f3n de acordar y mostr\u00f3 haber entendido que no puede gobernar solo, y que las modificaciones que est\u00e1bamos planteando ten\u00edan que ver con mejorar la ley\u00bb, sostuvo Massot esta ma\u00f1ana en declaraciones a Radio Con Vos.<\/p>\n<p>El diputado a\u00f1adi\u00f3 que \u00ablo m\u00e1s importantes es definir quien paga el ajuste\u00bb y que las autoridades \u00abllegaron al Gobierno diciendo algo pero hicieron otra cosa. En vez de meterse con los tr..<\/p>\n","protected":false},"author":2,"featured_media":16726,"comment_status":"","ping_status":"","sticky":false,"template":"","format":"standard","meta":{"footnotes":""},"categories":[12],"tags":[],"_links":{"self":[{"href":"https:\/\/maxradio923.com.ar\/index.php\/wp-json\/wp\/v2\/posts\/16725"}],"collection":[{"href":"https:\/\/maxradio923.com.ar\/index.php\/wp-json\/wp\/v2\/posts"}],"about":[{"href":"https:\/\/maxradio923.com.ar\/index.php\/wp-json\/wp\/v2\/types\/post"}],"author":[{"embeddable":true,"href":"https:\/\/maxradio923.com.ar\/index.php\/wp-json\/wp\/v2\/users\/2"}],"replies":[{"embeddable":true,"href":"https:\/\/maxradio923.com.ar\/index.php\/wp-json\/wp\/v2\/comments?post=16725"}],"version-history":[{"count":0,"href":"https:\/\/maxradio923.com.ar\/index.php\/wp-json\/wp\/v2\/posts\/16725\/revisions"}],"wp:featuredmedia":[{"embeddable":true,"href":"https:\/\/maxradio923.com.ar\/index.php\/wp-json\/wp\/v2\/media\/16726"}],"wp:attachment":[{"href":"https:\/\/maxradio923.com.ar\/index.php\/wp-json\/wp\/v2\/media?parent=16725"}],"wp:term":[{"taxonomy":"category","embeddable":true,"href":"https:\/\/maxradio923.com.ar\/index.php\/wp-json\/wp\/v2\/categories?post=16725"},{"taxonomy":"post_tag","embeddable":true,"href":"https:\/\/maxradio923.com.ar\/index.php\/wp-json\/wp\/v2\/tags?post=16725"}],"curies":[{"name":"wp","href":"https:\/\/api.w.org\/{rel}","templated":true}]}}