{"id":16715,"date":"2024-01-20T12:00:56","date_gmt":"2024-01-20T15:00:56","guid":{"rendered":"https:\/\/maxradio923.com.ar\/index.php\/2024\/01\/20\/tension-en-recoleta-se-atrinchero-en-la-terraza-de-su-departamento-y-tomo-a-su-hijo-con-autismo-como-rehen\/"},"modified":"2024-01-20T12:00:56","modified_gmt":"2024-01-20T15:00:56","slug":"tension-en-recoleta-se-atrinchero-en-la-terraza-de-su-departamento-y-tomo-a-su-hijo-con-autismo-como-rehen","status":"publish","type":"post","link":"https:\/\/maxradio923.com.ar\/index.php\/2024\/01\/20\/tension-en-recoleta-se-atrinchero-en-la-terraza-de-su-departamento-y-tomo-a-su-hijo-con-autismo-como-rehen\/","title":{"rendered":"Tensi\u00f3n en Recoleta: se atrincher\u00f3 en la terraza de su departamento y tom\u00f3 a su hijo con autismo como reh\u00e9n"},"content":{"rendered":"<ul>\n<li>El hombre hab\u00eda golpeado violentamente a su pareja, a quien ya liber\u00f3.<\/li>\n<li>Fuerte operativo policial en la zona.<\/li>\n<\/ul>\n","protected":false},"excerpt":{"rendered":"<p>El hombre hab\u00eda golpeado violentamente a su pareja, a quien ya liber\u00f3.Fuerte operativo policial en la zona.<\/p>\n","protected":false},"author":2,"featured_media":16716,"comment_status":"","ping_status":"","sticky":false,"template":"","format":"standard","meta":{"footnotes":""},"categories":[6],"tags":[],"_links":{"self":[{"href":"https:\/\/maxradio923.com.ar\/index.php\/wp-json\/wp\/v2\/posts\/16715"}],"collection":[{"href":"https:\/\/maxradio923.com.ar\/index.php\/wp-json\/wp\/v2\/posts"}],"about":[{"href":"https:\/\/maxradio923.com.ar\/index.php\/wp-json\/wp\/v2\/types\/post"}],"author":[{"embeddable":true,"href":"https:\/\/maxradio923.com.ar\/index.php\/wp-json\/wp\/v2\/users\/2"}],"replies":[{"embeddable":true,"href":"https:\/\/maxradio923.com.ar\/index.php\/wp-json\/wp\/v2\/comments?post=16715"}],"version-history":[{"count":0,"href":"https:\/\/maxradio923.com.ar\/index.php\/wp-json\/wp\/v2\/posts\/16715\/revisions"}],"wp:featuredmedia":[{"embeddable":true,"href":"https:\/\/maxradio923.com.ar\/index.php\/wp-json\/wp\/v2\/media\/16716"}],"wp:attachment":[{"href":"https:\/\/maxradio923.com.ar\/index.php\/wp-json\/wp\/v2\/media?parent=16715"}],"wp:term":[{"taxonomy":"category","embeddable":true,"href":"https:\/\/maxradio923.com.ar\/index.php\/wp-json\/wp\/v2\/categories?post=16715"},{"taxonomy":"post_tag","embeddable":true,"href":"https:\/\/maxradio923.com.ar\/index.php\/wp-json\/wp\/v2\/tags?post=16715"}],"curies":[{"name":"wp","href":"https:\/\/api.w.org\/{rel}","templated":true}]}}