{"id":16713,"date":"2024-01-20T11:59:36","date_gmt":"2024-01-20T14:59:36","guid":{"rendered":"https:\/\/maxradio923.com.ar\/index.php\/2024\/01\/20\/coto-finaliza-un-hiper-en-carilo-tras-una-inversion-de-us-13-millones\/"},"modified":"2024-01-20T11:59:36","modified_gmt":"2024-01-20T14:59:36","slug":"coto-finaliza-un-hiper-en-carilo-tras-una-inversion-de-us-13-millones","status":"publish","type":"post","link":"https:\/\/maxradio923.com.ar\/index.php\/2024\/01\/20\/coto-finaliza-un-hiper-en-carilo-tras-una-inversion-de-us-13-millones\/","title":{"rendered":"Coto finaliza un h\u00edper en Caril\u00f3 tras una inversi\u00f3n de US$ 13 millones"},"content":{"rendered":"<p>La cadena que lidera el empresario Alfredo Coto ya tiene su tercera sucursal en la Costa..<\/p>\n","protected":false},"excerpt":{"rendered":"<p>La cadena que lidera el empresario Alfredo Coto ya tiene su tercera sucursal en la Costa..<\/p>\n","protected":false},"author":2,"featured_media":16714,"comment_status":"","ping_status":"","sticky":false,"template":"","format":"standard","meta":{"footnotes":""},"categories":[2],"tags":[],"_links":{"self":[{"href":"https:\/\/maxradio923.com.ar\/index.php\/wp-json\/wp\/v2\/posts\/16713"}],"collection":[{"href":"https:\/\/maxradio923.com.ar\/index.php\/wp-json\/wp\/v2\/posts"}],"about":[{"href":"https:\/\/maxradio923.com.ar\/index.php\/wp-json\/wp\/v2\/types\/post"}],"author":[{"embeddable":true,"href":"https:\/\/maxradio923.com.ar\/index.php\/wp-json\/wp\/v2\/users\/2"}],"replies":[{"embeddable":true,"href":"https:\/\/maxradio923.com.ar\/index.php\/wp-json\/wp\/v2\/comments?post=16713"}],"version-history":[{"count":0,"href":"https:\/\/maxradio923.com.ar\/index.php\/wp-json\/wp\/v2\/posts\/16713\/revisions"}],"wp:featuredmedia":[{"embeddable":true,"href":"https:\/\/maxradio923.com.ar\/index.php\/wp-json\/wp\/v2\/media\/16714"}],"wp:attachment":[{"href":"https:\/\/maxradio923.com.ar\/index.php\/wp-json\/wp\/v2\/media?parent=16713"}],"wp:term":[{"taxonomy":"category","embeddable":true,"href":"https:\/\/maxradio923.com.ar\/index.php\/wp-json\/wp\/v2\/categories?post=16713"},{"taxonomy":"post_tag","embeddable":true,"href":"https:\/\/maxradio923.com.ar\/index.php\/wp-json\/wp\/v2\/tags?post=16713"}],"curies":[{"name":"wp","href":"https:\/\/api.w.org\/{rel}","templated":true}]}}