{"id":16705,"date":"2024-01-20T11:56:06","date_gmt":"2024-01-20T14:56:06","guid":{"rendered":"https:\/\/maxradio923.com.ar\/index.php\/2024\/01\/20\/santa-fe-encontraron-muerto-al-camionero-que-volco-desde-un-puente-y-cayo-a-un-arroyo\/"},"modified":"2024-01-20T11:56:06","modified_gmt":"2024-01-20T14:56:06","slug":"santa-fe-encontraron-muerto-al-camionero-que-volco-desde-un-puente-y-cayo-a-un-arroyo","status":"publish","type":"post","link":"https:\/\/maxradio923.com.ar\/index.php\/2024\/01\/20\/santa-fe-encontraron-muerto-al-camionero-que-volco-desde-un-puente-y-cayo-a-un-arroyo\/","title":{"rendered":"Santa Fe: encontraron muerto al camionero que volc\u00f3 desde un puente y cay\u00f3 a un arroyo"},"content":{"rendered":"<ul>\n<li>Buzos t\u00e1cticos hallaron su cuerpo despu\u00e9s de dos d\u00edas de b\u00fasqueda.<\/li>\n<li>La v\u00edctima fue identificada como Mat\u00edas Costa (32), de C\u00f3rdoba. <\/li>\n<li>Un compa\u00f1ero cont\u00f3 que era la primera vez que realizaba un viaje largo.<\/li>\n<\/ul>\n","protected":false},"excerpt":{"rendered":"<p>Buzos t\u00e1cticos hallaron su cuerpo despu\u00e9s de dos d\u00edas de b\u00fasqueda.La v\u00edctima fue identificada como Mat\u00edas Costa (32), de C\u00f3rdoba. Un compa\u00f1ero cont\u00f3 que era la primera vez que realizaba un viaje largo.<\/p>\n","protected":false},"author":2,"featured_media":16706,"comment_status":"","ping_status":"","sticky":false,"template":"","format":"standard","meta":{"footnotes":""},"categories":[9],"tags":[],"_links":{"self":[{"href":"https:\/\/maxradio923.com.ar\/index.php\/wp-json\/wp\/v2\/posts\/16705"}],"collection":[{"href":"https:\/\/maxradio923.com.ar\/index.php\/wp-json\/wp\/v2\/posts"}],"about":[{"href":"https:\/\/maxradio923.com.ar\/index.php\/wp-json\/wp\/v2\/types\/post"}],"author":[{"embeddable":true,"href":"https:\/\/maxradio923.com.ar\/index.php\/wp-json\/wp\/v2\/users\/2"}],"replies":[{"embeddable":true,"href":"https:\/\/maxradio923.com.ar\/index.php\/wp-json\/wp\/v2\/comments?post=16705"}],"version-history":[{"count":0,"href":"https:\/\/maxradio923.com.ar\/index.php\/wp-json\/wp\/v2\/posts\/16705\/revisions"}],"wp:featuredmedia":[{"embeddable":true,"href":"https:\/\/maxradio923.com.ar\/index.php\/wp-json\/wp\/v2\/media\/16706"}],"wp:attachment":[{"href":"https:\/\/maxradio923.com.ar\/index.php\/wp-json\/wp\/v2\/media?parent=16705"}],"wp:term":[{"taxonomy":"category","embeddable":true,"href":"https:\/\/maxradio923.com.ar\/index.php\/wp-json\/wp\/v2\/categories?post=16705"},{"taxonomy":"post_tag","embeddable":true,"href":"https:\/\/maxradio923.com.ar\/index.php\/wp-json\/wp\/v2\/tags?post=16705"}],"curies":[{"name":"wp","href":"https:\/\/api.w.org\/{rel}","templated":true}]}}