{"id":16693,"date":"2024-01-20T11:07:34","date_gmt":"2024-01-20T14:07:34","guid":{"rendered":"https:\/\/maxradio923.com.ar\/index.php\/2024\/01\/20\/luis-miguel-por-fin-inicio-su-gira-2024-que-lo-traera-nuevamente-a-la-argentina\/"},"modified":"2024-01-20T12:15:21","modified_gmt":"2024-01-20T15:15:21","slug":"luis-miguel-por-fin-inicio-su-gira-2024-que-lo-traera-nuevamente-a-la-argentina","status":"publish","type":"post","link":"https:\/\/maxradio923.com.ar\/index.php\/2024\/01\/20\/luis-miguel-por-fin-inicio-su-gira-2024-que-lo-traera-nuevamente-a-la-argentina\/","title":{"rendered":"Luis Miguel por fin inici\u00f3 su Gira 2024, que lo traer\u00e1 nuevamente a la Argentina"},"content":{"rendered":"<ul>\n<li>Tras una suspensi\u00f3n por problemas t\u00e9cnicos, el astro cant\u00f3 en Santo Domingo.<\/li>\n<li>Aarranc\u00f3 el nuevo tramo de su gira mundial.<\/li>\n<\/ul>\n","protected":false},"excerpt":{"rendered":"<p>Tras una suspensi\u00f3n por problemas t\u00e9cnicos, el astro cant\u00f3 en Santo Domingo. Aarranc\u00f3 el nuevo tramo de su gira mundial.<\/p>\n","protected":false},"author":2,"featured_media":16734,"comment_status":"closed","ping_status":"","sticky":false,"template":"","format":"standard","meta":{"footnotes":""},"categories":[4],"tags":[],"_links":{"self":[{"href":"https:\/\/maxradio923.com.ar\/index.php\/wp-json\/wp\/v2\/posts\/16693"}],"collection":[{"href":"https:\/\/maxradio923.com.ar\/index.php\/wp-json\/wp\/v2\/posts"}],"about":[{"href":"https:\/\/maxradio923.com.ar\/index.php\/wp-json\/wp\/v2\/types\/post"}],"author":[{"embeddable":true,"href":"https:\/\/maxradio923.com.ar\/index.php\/wp-json\/wp\/v2\/users\/2"}],"replies":[{"embeddable":true,"href":"https:\/\/maxradio923.com.ar\/index.php\/wp-json\/wp\/v2\/comments?post=16693"}],"version-history":[{"count":1,"href":"https:\/\/maxradio923.com.ar\/index.php\/wp-json\/wp\/v2\/posts\/16693\/revisions"}],"predecessor-version":[{"id":16733,"href":"https:\/\/maxradio923.com.ar\/index.php\/wp-json\/wp\/v2\/posts\/16693\/revisions\/16733"}],"wp:featuredmedia":[{"embeddable":true,"href":"https:\/\/maxradio923.com.ar\/index.php\/wp-json\/wp\/v2\/media\/16734"}],"wp:attachment":[{"href":"https:\/\/maxradio923.com.ar\/index.php\/wp-json\/wp\/v2\/media?parent=16693"}],"wp:term":[{"taxonomy":"category","embeddable":true,"href":"https:\/\/maxradio923.com.ar\/index.php\/wp-json\/wp\/v2\/categories?post=16693"},{"taxonomy":"post_tag","embeddable":true,"href":"https:\/\/maxradio923.com.ar\/index.php\/wp-json\/wp\/v2\/tags?post=16693"}],"curies":[{"name":"wp","href":"https:\/\/api.w.org\/{rel}","templated":true}]}}