{"id":16689,"date":"2024-01-20T11:07:15","date_gmt":"2024-01-20T14:07:15","guid":{"rendered":"https:\/\/maxradio923.com.ar\/index.php\/2024\/01\/20\/grave-colision-en-talacasto-porteno-sufre-multiples-lesiones-tras-impacto-con-un-camion\/"},"modified":"2024-01-20T11:07:15","modified_gmt":"2024-01-20T14:07:15","slug":"grave-colision-en-talacasto-porteno-sufre-multiples-lesiones-tras-impacto-con-un-camion","status":"publish","type":"post","link":"https:\/\/maxradio923.com.ar\/index.php\/2024\/01\/20\/grave-colision-en-talacasto-porteno-sufre-multiples-lesiones-tras-impacto-con-un-camion\/","title":{"rendered":"Grave Colisi\u00f3n en Talacasto: Porte\u00f1o Sufre M\u00faltiples Lesiones tras Impacto con un Cami\u00f3n"},"content":{"rendered":"<p><img decoding=\"async\" src=\"https:\/\/diariod3.com\/wp-content\/uploads\/2024\/01\/ruta436.webp\"\/> <\/p>\n<p>En la ma\u00f1ana de este s\u00e1bado, se report\u00f3 un serio accidente a 5 kil\u00f3metros de los ba\u00f1os de Talacasto, en la ruta 436, Ullum, involucrando una camioneta Volkswagen Amarok y un cami\u00f3n Agrale. El conductor de la camioneta, un hombre de 27 a\u00f1os oriundo de Capital Federal, Buenos Aires, result\u00f3 gravemente herido en la colisi\u00f3n.<\/p>\n<p>El accidente provoc\u00f3 que el hombre fuera trasladado de urgencia al Hospital Rawson, donde se le diagnostic\u00f3 un traumatismo cerrado de t\u00f3rax, fractura de f\u00e9mur derecho, fractura de rodilla derecha y politraumatismos. Actualmente, se encuentra bajo observaci\u00f3n m\u00e9dica para evaluar su estado de salud.<\/p>\n<p>Afortunadamente, el conductor del cami\u00f3n Agrale no sufri\u00f3 heridas en el incidente.<\/p>\n<p>Las autoridades policiales est\u00e1n llevando a cabo una investigaci\u00f3n exhaustiva para determinar las circunstancias exactas del choque. Se espera obtener m\u00e1s informaci\u00f3n sobre este lamentable incidente en las pr\u00f3ximas horas mientras se esclarecen los detalles del suceso en la ruta 436, en el \u00e1rea de Talacasto.<\/p>\n","protected":false},"excerpt":{"rendered":"<p>En la ma\u00f1ana de este s\u00e1bado, se report\u00f3 un serio accidente a 5 kil\u00f3metros de los ba\u00f1os de Talacasto, en la ruta 436, Ullum, involucrando una camioneta Volkswagen Amarok y un cami\u00f3n Agrale. El conductor de la camioneta, un hombre de 27 a\u00f1os oriundo de Capital Federal, Buenos Aires, result\u00f3 gravemente herido en la colisi\u00f3n.<br \/>\n El accidente provoc\u00f3 que el hombre fuera trasladado de urgencia al Hospital Rawson, donde se le diagnostic\u00f3 un traumatismo cerrado de t\u00f3rax, fractura de f\u00e9mur derecho, fractura de rodilla derecha y politraumatismos. Actualmente, se encuentra bajo observaci\u00f3n m\u00e9dica para evaluar su estado de salud.<br \/>\n Afortunadamente, el conductor del cami\u00f3n Agrale no sufri\u00f3 heridas en el incidente.<br \/>\n Las autoridades policiales est\u00e1n llevando a cabo una investigaci\u00f3n exhaustiva para determinar las circunstancias exactas del choque. Se espera obtener m\u00e1s informaci\u00f3n sobre este lamentable incidente en las pr\u00f3ximas horas mientras se esclarecen los detalles del suceso en la ruta 436, en el \u00e1..<\/p>\n","protected":false},"author":2,"featured_media":16690,"comment_status":"","ping_status":"","sticky":false,"template":"","format":"standard","meta":{"footnotes":""},"categories":[8],"tags":[],"_links":{"self":[{"href":"https:\/\/maxradio923.com.ar\/index.php\/wp-json\/wp\/v2\/posts\/16689"}],"collection":[{"href":"https:\/\/maxradio923.com.ar\/index.php\/wp-json\/wp\/v2\/posts"}],"about":[{"href":"https:\/\/maxradio923.com.ar\/index.php\/wp-json\/wp\/v2\/types\/post"}],"author":[{"embeddable":true,"href":"https:\/\/maxradio923.com.ar\/index.php\/wp-json\/wp\/v2\/users\/2"}],"replies":[{"embeddable":true,"href":"https:\/\/maxradio923.com.ar\/index.php\/wp-json\/wp\/v2\/comments?post=16689"}],"version-history":[{"count":0,"href":"https:\/\/maxradio923.com.ar\/index.php\/wp-json\/wp\/v2\/posts\/16689\/revisions"}],"wp:featuredmedia":[{"embeddable":true,"href":"https:\/\/maxradio923.com.ar\/index.php\/wp-json\/wp\/v2\/media\/16690"}],"wp:attachment":[{"href":"https:\/\/maxradio923.com.ar\/index.php\/wp-json\/wp\/v2\/media?parent=16689"}],"wp:term":[{"taxonomy":"category","embeddable":true,"href":"https:\/\/maxradio923.com.ar\/index.php\/wp-json\/wp\/v2\/categories?post=16689"},{"taxonomy":"post_tag","embeddable":true,"href":"https:\/\/maxradio923.com.ar\/index.php\/wp-json\/wp\/v2\/tags?post=16689"}],"curies":[{"name":"wp","href":"https:\/\/api.w.org\/{rel}","templated":true}]}}