{"id":16683,"date":"2024-01-20T11:05:44","date_gmt":"2024-01-20T14:05:44","guid":{"rendered":"https:\/\/maxradio923.com.ar\/index.php\/2024\/01\/20\/el-ejecutivo-prorrogo-las-sesiones-extraordinarias-del-congreso-hasta-el-15-de-febrero\/"},"modified":"2024-01-20T11:05:44","modified_gmt":"2024-01-20T14:05:44","slug":"el-ejecutivo-prorrogo-las-sesiones-extraordinarias-del-congreso-hasta-el-15-de-febrero","status":"publish","type":"post","link":"https:\/\/maxradio923.com.ar\/index.php\/2024\/01\/20\/el-ejecutivo-prorrogo-las-sesiones-extraordinarias-del-congreso-hasta-el-15-de-febrero\/","title":{"rendered":"El Ejecutivo prorrog\u00f3 las sesiones extraordinarias del Congreso hasta el 15 de febrero"},"content":{"rendered":"<p><img decoding=\"async\" src=\"https:\/\/diariod3.com\/wp-content\/uploads\/2024\/01\/congreso-1.jpg\"\/><\/p>\n<p>La extensi\u00f3n ser\u00e1 hasta el pr\u00f3ximo 15 de febrero, en momentos en que el Parlamento discute el proyecto de \u2018Ley de Bases y Puntos de Partida para la Libertad de los Argentinos\u2019.<\/p>\n<figure><img decoding=\"async\" src=\"https:\/\/www.telam.com.ar\/thumbs\/bluesteel\/advf\/imagenes\/2016\/10\/580ddd34cfdb3_1200.jpg\" alt=\"Foto archivo\"\/><figcaption>Foto: archivo<\/figcaption><\/figure>\n<p>El Poder Ejecutivo prorrog\u00f3 las sesiones extraordinarias del Congreso Nacional hasta el pr\u00f3ximo 15 de febrero, en momentos en que el Parlamento discute el proyecto de \u2018Ley de Bases y Puntos de Partida para la Libertad de los Argentinos\u2019, que el oficialismo de Diputados aspira a dar media sanci\u00f3n la semana pr\u00f3xima.<\/p>\n<p>El decreto que dispone la ampliaci\u00f3n de las extraordinarias fue difundido por fuentes de la Jefatura de Gabinete y la C\u00e1mara de Diputados.<\/p>\n","protected":false},"excerpt":{"rendered":"<p>La extensi\u00f3n ser\u00e1 hasta el pr\u00f3ximo 15 de febrero, en momentos en que el Parlamento discute el proyecto de \u2018Ley de Bases y Puntos de Partida para la Libertad de los Argentinos\u2019.<\/p>\n<p>Foto: archivo<br \/>\nEl Poder Ejecutivo prorrog\u00f3 las sesiones extraordinarias del Congreso Nacional hasta el pr\u00f3ximo 15 de febrero, en momentos en que el Parlamento discute el proyecto de \u2018Ley de Bases y Puntos de Partida para la Libertad de los Argentinos\u2019, que el oficialismo de Diputados aspira a dar media sanci\u00f3n la semana pr\u00f3xima.<\/p>\n<p>El decreto que dispone la ampliaci\u00f3n de las extraordinarias fue difundido por fuentes de la Jefatura de Gabinete y la C\u00e1mara de Diputados.<\/p>\n","protected":false},"author":2,"featured_media":16684,"comment_status":"","ping_status":"","sticky":false,"template":"","format":"standard","meta":{"footnotes":""},"categories":[12],"tags":[],"_links":{"self":[{"href":"https:\/\/maxradio923.com.ar\/index.php\/wp-json\/wp\/v2\/posts\/16683"}],"collection":[{"href":"https:\/\/maxradio923.com.ar\/index.php\/wp-json\/wp\/v2\/posts"}],"about":[{"href":"https:\/\/maxradio923.com.ar\/index.php\/wp-json\/wp\/v2\/types\/post"}],"author":[{"embeddable":true,"href":"https:\/\/maxradio923.com.ar\/index.php\/wp-json\/wp\/v2\/users\/2"}],"replies":[{"embeddable":true,"href":"https:\/\/maxradio923.com.ar\/index.php\/wp-json\/wp\/v2\/comments?post=16683"}],"version-history":[{"count":0,"href":"https:\/\/maxradio923.com.ar\/index.php\/wp-json\/wp\/v2\/posts\/16683\/revisions"}],"wp:featuredmedia":[{"embeddable":true,"href":"https:\/\/maxradio923.com.ar\/index.php\/wp-json\/wp\/v2\/media\/16684"}],"wp:attachment":[{"href":"https:\/\/maxradio923.com.ar\/index.php\/wp-json\/wp\/v2\/media?parent=16683"}],"wp:term":[{"taxonomy":"category","embeddable":true,"href":"https:\/\/maxradio923.com.ar\/index.php\/wp-json\/wp\/v2\/categories?post=16683"},{"taxonomy":"post_tag","embeddable":true,"href":"https:\/\/maxradio923.com.ar\/index.php\/wp-json\/wp\/v2\/tags?post=16683"}],"curies":[{"name":"wp","href":"https:\/\/api.w.org\/{rel}","templated":true}]}}