{"id":16679,"date":"2024-01-20T11:05:20","date_gmt":"2024-01-20T14:05:20","guid":{"rendered":"https:\/\/maxradio923.com.ar\/index.php\/2024\/01\/20\/desvinculacion-de-secretaria-municipal-por-mal-uso-de-vehiculo-oficial-en-rawson\/"},"modified":"2024-01-20T11:05:20","modified_gmt":"2024-01-20T14:05:20","slug":"desvinculacion-de-secretaria-municipal-por-mal-uso-de-vehiculo-oficial-en-rawson","status":"publish","type":"post","link":"https:\/\/maxradio923.com.ar\/index.php\/2024\/01\/20\/desvinculacion-de-secretaria-municipal-por-mal-uso-de-vehiculo-oficial-en-rawson\/","title":{"rendered":"Desvinculaci\u00f3n de Secretaria Municipal por Mal Uso de Veh\u00edculo Oficial en Rawson"},"content":{"rendered":"<p><img decoding=\"async\" src=\"https:\/\/grupomorenomedios.com.ar\/wp-content\/uploads\/2024\/01\/TL6PDQUF6NE4PEA5UCCNGPILLE.jpg\"\/><\/p>\n<p><img decoding=\"async\" src=\"https:\/\/diariod3.com\/wp-content\/uploads\/2024\/01\/TL6PDQUF6NE4PEA5UCCNGPILLE.jpg\"\/><\/p>\n<p>A pesar de que la versi\u00f3n oficial habla de una \u00abrenuncia por motivos personales\u00bb, fuentes municipales indican que Rojas utiliz\u00f3 indebidamente un veh\u00edculo municipal para fines personales. La situaci\u00f3n llev\u00f3 a su renuncia, la cual fue aceptada por el intendente Carlos Munisaga.<\/p>\n<p>El incidente ocurri\u00f3 apenas un mes despu\u00e9s de que Munisaga asumiera el cargo de intendente. Aunque oficialmente se presenta como una renuncia por motivos personales, se rumorea que el uso inapropiado del veh\u00edculo oficial fue el factor determinante en la salida de Rojas. La exfuncionaria hab\u00eda ocupado anteriormente el cargo de directora del Centro Integrador Comunitario (CIC) de Villa Krause durante la gesti\u00f3n del exintendente Rub\u00e9n Garc\u00eda, antes de ser convocada por Munisaga para integrar su equipo de trabajo.<\/p>\n<p>El clima pol\u00edtico en Rawson se hab\u00eda calmado con la llegada de Munisaga al poder, pero este incidente ha generado un revuelo en el municipio. Munisaga hab\u00eda centrado su gesti\u00f3n en la maximizaci\u00f3n del uso de los recursos y, al enterarse del viaje de Rojas, actu\u00f3 de inmediato para mantener la transparencia en su administraci\u00f3n. La exsecretaria cuenta con una amplia trayectoria en Ciencias Pol\u00edticas y Direcci\u00f3n de Recursos Humanos, y su perfil fue eliminado de la p\u00e1gina oficial del municipio tras la controversia.<\/p>\n<p>Op: Juan Llarena<\/p>\n<p>La entrada Desvinculaci\u00f3n de Secretaria Municipal por Mal Uso de Veh\u00edculo Oficial en Rawson se public\u00f3 primero en DIARIO DIGITAL MORENO MEDIOS.<\/p>\n","protected":false},"excerpt":{"rendered":"<p>A pesar de que la versi\u00f3n oficial habla de una \u00abrenuncia por motivos personales\u00bb, fuentes municipales indican que Rojas utiliz\u00f3 indebidamente un veh\u00edculo municipal para fines personales. La situaci\u00f3n llev\u00f3 a su renuncia, la cual fue aceptada por el intendente Carlos Munisaga. El incidente ocurri\u00f3 apenas un mes despu\u00e9s de que Munisaga asumiera el cargo [&hellip;]<\/p>\n","protected":false},"author":1,"featured_media":16680,"comment_status":"","ping_status":"","sticky":false,"template":"","format":"standard","meta":{"footnotes":""},"categories":[5],"tags":[],"_links":{"self":[{"href":"https:\/\/maxradio923.com.ar\/index.php\/wp-json\/wp\/v2\/posts\/16679"}],"collection":[{"href":"https:\/\/maxradio923.com.ar\/index.php\/wp-json\/wp\/v2\/posts"}],"about":[{"href":"https:\/\/maxradio923.com.ar\/index.php\/wp-json\/wp\/v2\/types\/post"}],"author":[{"embeddable":true,"href":"https:\/\/maxradio923.com.ar\/index.php\/wp-json\/wp\/v2\/users\/1"}],"replies":[{"embeddable":true,"href":"https:\/\/maxradio923.com.ar\/index.php\/wp-json\/wp\/v2\/comments?post=16679"}],"version-history":[{"count":0,"href":"https:\/\/maxradio923.com.ar\/index.php\/wp-json\/wp\/v2\/posts\/16679\/revisions"}],"wp:featuredmedia":[{"embeddable":true,"href":"https:\/\/maxradio923.com.ar\/index.php\/wp-json\/wp\/v2\/media\/16680"}],"wp:attachment":[{"href":"https:\/\/maxradio923.com.ar\/index.php\/wp-json\/wp\/v2\/media?parent=16679"}],"wp:term":[{"taxonomy":"category","embeddable":true,"href":"https:\/\/maxradio923.com.ar\/index.php\/wp-json\/wp\/v2\/categories?post=16679"},{"taxonomy":"post_tag","embeddable":true,"href":"https:\/\/maxradio923.com.ar\/index.php\/wp-json\/wp\/v2\/tags?post=16679"}],"curies":[{"name":"wp","href":"https:\/\/api.w.org\/{rel}","templated":true}]}}