{"id":16673,"date":"2024-01-20T11:04:47","date_gmt":"2024-01-20T14:04:47","guid":{"rendered":"https:\/\/maxradio923.com.ar\/index.php\/2024\/01\/20\/al-final-aparecio-la-inflacion-mensual-del-30-que-javier-milei-ninguneo\/"},"modified":"2024-01-20T11:04:47","modified_gmt":"2024-01-20T14:04:47","slug":"al-final-aparecio-la-inflacion-mensual-del-30-que-javier-milei-ninguneo","status":"publish","type":"post","link":"https:\/\/maxradio923.com.ar\/index.php\/2024\/01\/20\/al-final-aparecio-la-inflacion-mensual-del-30-que-javier-milei-ninguneo\/","title":{"rendered":"Al final apareci\u00f3 la inflaci\u00f3n mensual del 30% que Javier Milei ningune\u00f3"},"content":{"rendered":"<p>Es lo que aument\u00f3 en diciembre la canasta b\u00e1sica alimentaria, es decir la que se usa como base para calcular el nivel de pobreza e indigencia. <\/p>\n","protected":false},"excerpt":{"rendered":"<p>Es lo que aument\u00f3 en diciembre la canasta b\u00e1sica alimentaria, es decir la que se usa como base para calcular el nivel de pobreza e indigencia.<\/p>\n","protected":false},"author":2,"featured_media":16674,"comment_status":"","ping_status":"","sticky":false,"template":"","format":"standard","meta":{"footnotes":""},"categories":[2],"tags":[],"_links":{"self":[{"href":"https:\/\/maxradio923.com.ar\/index.php\/wp-json\/wp\/v2\/posts\/16673"}],"collection":[{"href":"https:\/\/maxradio923.com.ar\/index.php\/wp-json\/wp\/v2\/posts"}],"about":[{"href":"https:\/\/maxradio923.com.ar\/index.php\/wp-json\/wp\/v2\/types\/post"}],"author":[{"embeddable":true,"href":"https:\/\/maxradio923.com.ar\/index.php\/wp-json\/wp\/v2\/users\/2"}],"replies":[{"embeddable":true,"href":"https:\/\/maxradio923.com.ar\/index.php\/wp-json\/wp\/v2\/comments?post=16673"}],"version-history":[{"count":0,"href":"https:\/\/maxradio923.com.ar\/index.php\/wp-json\/wp\/v2\/posts\/16673\/revisions"}],"wp:featuredmedia":[{"embeddable":true,"href":"https:\/\/maxradio923.com.ar\/index.php\/wp-json\/wp\/v2\/media\/16674"}],"wp:attachment":[{"href":"https:\/\/maxradio923.com.ar\/index.php\/wp-json\/wp\/v2\/media?parent=16673"}],"wp:term":[{"taxonomy":"category","embeddable":true,"href":"https:\/\/maxradio923.com.ar\/index.php\/wp-json\/wp\/v2\/categories?post=16673"},{"taxonomy":"post_tag","embeddable":true,"href":"https:\/\/maxradio923.com.ar\/index.php\/wp-json\/wp\/v2\/tags?post=16673"}],"curies":[{"name":"wp","href":"https:\/\/api.w.org\/{rel}","templated":true}]}}