{"id":16667,"date":"2024-01-20T11:04:18","date_gmt":"2024-01-20T14:04:18","guid":{"rendered":"https:\/\/maxradio923.com.ar\/index.php\/2024\/01\/20\/quienes-son-los-choneros-lobos-y-tiguerones-los-grupos-del-narcotrafico-a-los-que-ecuador-declaro-la-guerra\/"},"modified":"2024-01-20T11:04:18","modified_gmt":"2024-01-20T14:04:18","slug":"quienes-son-los-choneros-lobos-y-tiguerones-los-grupos-del-narcotrafico-a-los-que-ecuador-declaro-la-guerra","status":"publish","type":"post","link":"https:\/\/maxradio923.com.ar\/index.php\/2024\/01\/20\/quienes-son-los-choneros-lobos-y-tiguerones-los-grupos-del-narcotrafico-a-los-que-ecuador-declaro-la-guerra\/","title":{"rendered":"\u00bfQui\u00e9nes son los &#8220;Choneros&#8221;, &#8220;Lobos&#8221; y &#8220;Tiguerones&#8221;, los grupos del narcotr\u00e1fico a los que Ecuador declar\u00f3 la guerra?"},"content":{"rendered":"<p><img decoding=\"async\" alt=\"Un miembro del comando de Guardia Costera vigila el r\u00edo Guayas cerca del puerto de  Guayaquil, d\u00edas atr\u00e1s. Foto: AFP  \" src=\"https:\/\/www.clarin.com\/img\/2024\/01\/15\/VO8r_oyjF_720x0__1.jpg\"\/>Un miembro del comando de Guardia Costera vigila el r\u00edo Guayas cerca del puerto de  Guayaquil, d\u00edas atr\u00e1s. Foto: AFP  <img decoding=\"async\" alt=\"Un operativo militar en la Penitenciaria del Litoral, en Guayaquil, tras un mot\u00edn esta semana. Foto. EFE \" src=\"https:\/\/www.clarin.com\/img\/2024\/01\/19\/N1pkGbBXN_720x0__1.jpg\"\/>Un operativo militar en la Penitenciaria del Litoral, en Guayaquil, tras un mot\u00edn esta semana. Foto. EFE <img decoding=\"async\" alt=\"Soldados en la c\u00e1rcel de Turi, Ecuador, d\u00edas atr\u00e1s, en un operativo de seguridad. Foto: AP  \" src=\"https:\/\/www.clarin.com\/img\/2024\/01\/19\/Lj8gdEGyH_720x0__1.jpg\"\/>Soldados en la c\u00e1rcel de Turi, Ecuador, d\u00edas atr\u00e1s, en un operativo de seguridad. Foto: AP<\/p>\n","protected":false},"excerpt":{"rendered":"<p>Un miembro del comando de Guardia Costera vigila el r\u00edo Guayas cerca del puerto de Guayaquil, d\u00edas atr\u00e1s. Foto: AFP Un operativo militar en la Penitenciaria del Litoral, en Guayaquil, tras un mot\u00edn esta semana. Foto. EFE Soldados en la c\u00e1rcel de Turi, Ecuador, d\u00edas atr\u00e1s, en un operativo de seguridad. Foto: AP<\/p>\n","protected":false},"author":2,"featured_media":16668,"comment_status":"","ping_status":"","sticky":false,"template":"","format":"standard","meta":{"footnotes":""},"categories":[3],"tags":[],"_links":{"self":[{"href":"https:\/\/maxradio923.com.ar\/index.php\/wp-json\/wp\/v2\/posts\/16667"}],"collection":[{"href":"https:\/\/maxradio923.com.ar\/index.php\/wp-json\/wp\/v2\/posts"}],"about":[{"href":"https:\/\/maxradio923.com.ar\/index.php\/wp-json\/wp\/v2\/types\/post"}],"author":[{"embeddable":true,"href":"https:\/\/maxradio923.com.ar\/index.php\/wp-json\/wp\/v2\/users\/2"}],"replies":[{"embeddable":true,"href":"https:\/\/maxradio923.com.ar\/index.php\/wp-json\/wp\/v2\/comments?post=16667"}],"version-history":[{"count":0,"href":"https:\/\/maxradio923.com.ar\/index.php\/wp-json\/wp\/v2\/posts\/16667\/revisions"}],"wp:featuredmedia":[{"embeddable":true,"href":"https:\/\/maxradio923.com.ar\/index.php\/wp-json\/wp\/v2\/media\/16668"}],"wp:attachment":[{"href":"https:\/\/maxradio923.com.ar\/index.php\/wp-json\/wp\/v2\/media?parent=16667"}],"wp:term":[{"taxonomy":"category","embeddable":true,"href":"https:\/\/maxradio923.com.ar\/index.php\/wp-json\/wp\/v2\/categories?post=16667"},{"taxonomy":"post_tag","embeddable":true,"href":"https:\/\/maxradio923.com.ar\/index.php\/wp-json\/wp\/v2\/tags?post=16667"}],"curies":[{"name":"wp","href":"https:\/\/api.w.org\/{rel}","templated":true}]}}