{"id":16660,"date":"2024-01-19T12:30:55","date_gmt":"2024-01-19T15:30:55","guid":{"rendered":"https:\/\/maxradio923.com.ar\/index.php\/2024\/01\/19\/fiesta-nacional-del-sol-2024-buscando-la-autosustentabilidad-a-traves-del-sector-privado\/"},"modified":"2024-01-19T12:30:55","modified_gmt":"2024-01-19T15:30:55","slug":"fiesta-nacional-del-sol-2024-buscando-la-autosustentabilidad-a-traves-del-sector-privado","status":"publish","type":"post","link":"https:\/\/maxradio923.com.ar\/index.php\/2024\/01\/19\/fiesta-nacional-del-sol-2024-buscando-la-autosustentabilidad-a-traves-del-sector-privado\/","title":{"rendered":"Fiesta Nacional del Sol 2024: Buscando la Autosustentabilidad a Trav\u00e9s del Sector Privado"},"content":{"rendered":"<p><img decoding=\"async\" src=\"https:\/\/diariod3.com\/wp-content\/uploads\/2024\/01\/Fiesta-Nacional-del-Sol.jpg\"\/><\/p>\n<p>Entre las destacadas innovaciones, se incluir\u00e1 el carrusel, una acci\u00f3n art\u00edstica que promete sorprender a todos los asistentes. Adem\u00e1s, se est\u00e1 evaluando el regreso de las reinas, a\u00f1adiendo un toque especial a la tradici\u00f3n.<\/p>\n<p>Sin embargo, lo m\u00e1s impresionante es la participaci\u00f3n activa del sector privado en la organizaci\u00f3n de la FNS 2024. Con el objetivo de lograr la autosustentabilidad de la fiesta, se est\u00e1n llevando a cabo negociaciones con empresas y emprendedores locales para establecer acuerdos s\u00f3lidos.<\/p>\n<p>La fiesta se extender\u00e1 a lo largo de tres noches, y el espect\u00e1culo final se est\u00e1 dise\u00f1ando para ofrecer diversas opciones y sorprender al p\u00fablico. A pesar de la reducci\u00f3n de cinco a tres noches debido a la situaci\u00f3n econ\u00f3mica actual, el Ministro asegur\u00f3 que esto no comprometer\u00e1 la calidad ni la emoci\u00f3n de la celebraci\u00f3n.<\/p>\n<p>\u00abQueremos que esta fiesta sea autosuficiente, es decir, que podamos financiarla a trav\u00e9s de una participaci\u00f3n s\u00f3lida del sector privado. La Fiesta Nacional del Sol es el orgullo de todos los sanjuaninos, y estamos comprometidos a asegurar su continuidad\u00bb, afirm\u00f3 Romero.<\/p>\n<p>La Fiesta Nacional del Sol se destaca como uno de los eventos m\u00e1s significativos de la provincia, atrayendo a turistas de todo el pa\u00eds. Cada a\u00f1o, miles de personas se congregan en San Juan para disfrutar de la riqueza musical, art\u00edstica y cultural de la regi\u00f3n.<\/p>\n<p>Op: Juan Llarena<\/p>\n","protected":false},"excerpt":{"rendered":"<p>Entre las destacadas innovaciones, se incluir\u00e1 el carrusel, una acci\u00f3n art\u00edstica que promete sorprender a todos los asistentes. Adem\u00e1s, se est\u00e1 evaluando el regreso de las reinas, a\u00f1adiendo un toque especial a la tradici\u00f3n.<br \/>\n Sin embargo, lo m\u00e1s impresionante es la participaci\u00f3n activa del sector privado en la organizaci\u00f3n de la FNS 2024. Con el objetivo de lograr la autosustentabilidad de la fiesta, se est\u00e1n llevando a cabo negociaciones con empresas y emprendedores locales para establecer acuerdos s\u00f3lidos.<br \/>\n La fiesta se extender\u00e1 a lo largo de tres noches, y el espect\u00e1culo final se est\u00e1 dise\u00f1ando para ofrecer diversas opciones y sorprender al p\u00fablico. A pesar de la reducci\u00f3n de cinco a tres noches debido a la situaci\u00f3n econ\u00f3mica actual, el Ministro asegur\u00f3 que esto no comprometer\u00e1 la calidad ni la emoci\u00f3n de la celebraci\u00f3n.<br \/>\n \u00abQueremos que esta fiesta sea autosuficiente, es decir, que podamos financiarla a trav\u00e9s de una participaci\u00f3n s\u00f3lida del sector privado. La Fiesta Nacional del So..<\/p>\n","protected":false},"author":2,"featured_media":16661,"comment_status":"","ping_status":"","sticky":false,"template":"","format":"standard","meta":{"footnotes":""},"categories":[10],"tags":[],"_links":{"self":[{"href":"https:\/\/maxradio923.com.ar\/index.php\/wp-json\/wp\/v2\/posts\/16660"}],"collection":[{"href":"https:\/\/maxradio923.com.ar\/index.php\/wp-json\/wp\/v2\/posts"}],"about":[{"href":"https:\/\/maxradio923.com.ar\/index.php\/wp-json\/wp\/v2\/types\/post"}],"author":[{"embeddable":true,"href":"https:\/\/maxradio923.com.ar\/index.php\/wp-json\/wp\/v2\/users\/2"}],"replies":[{"embeddable":true,"href":"https:\/\/maxradio923.com.ar\/index.php\/wp-json\/wp\/v2\/comments?post=16660"}],"version-history":[{"count":0,"href":"https:\/\/maxradio923.com.ar\/index.php\/wp-json\/wp\/v2\/posts\/16660\/revisions"}],"wp:featuredmedia":[{"embeddable":true,"href":"https:\/\/maxradio923.com.ar\/index.php\/wp-json\/wp\/v2\/media\/16661"}],"wp:attachment":[{"href":"https:\/\/maxradio923.com.ar\/index.php\/wp-json\/wp\/v2\/media?parent=16660"}],"wp:term":[{"taxonomy":"category","embeddable":true,"href":"https:\/\/maxradio923.com.ar\/index.php\/wp-json\/wp\/v2\/categories?post=16660"},{"taxonomy":"post_tag","embeddable":true,"href":"https:\/\/maxradio923.com.ar\/index.php\/wp-json\/wp\/v2\/tags?post=16660"}],"curies":[{"name":"wp","href":"https:\/\/api.w.org\/{rel}","templated":true}]}}