{"id":16656,"date":"2024-01-19T12:30:28","date_gmt":"2024-01-19T15:30:28","guid":{"rendered":"https:\/\/maxradio923.com.ar\/index.php\/2024\/01\/19\/diego-brancatelli-hizo-un-reclamo-insolito-y-lo-fulminaron-en-las-redes-sociales-dejen-de-querer-hacer-de-mar-del-plata-la-punta-del-este-argentina\/"},"modified":"2024-01-19T12:30:28","modified_gmt":"2024-01-19T15:30:28","slug":"diego-brancatelli-hizo-un-reclamo-insolito-y-lo-fulminaron-en-las-redes-sociales-dejen-de-querer-hacer-de-mar-del-plata-la-punta-del-este-argentina","status":"publish","type":"post","link":"https:\/\/maxradio923.com.ar\/index.php\/2024\/01\/19\/diego-brancatelli-hizo-un-reclamo-insolito-y-lo-fulminaron-en-las-redes-sociales-dejen-de-querer-hacer-de-mar-del-plata-la-punta-del-este-argentina\/","title":{"rendered":"Diego Brancatelli hizo un reclamo ins\u00f3lito y lo fulminaron en las redes sociales: &#8220;Dejen de querer hacer de Mar del Plata la Punta del Este argentina&#8221;"},"content":{"rendered":"<p><img decoding=\"async\" alt=\"Diego Brancatelli se cruz\u00f3 con Agust\u00edn Romo por las cr\u00edticas a las atracciones tur\u00edsticas de Mar del  Plata.\" src=\"https:\/\/www.clarin.com\/img\/2024\/01\/18\/FyMk1CzK9_720x0__1.jpg\"\/>Diego Brancatelli se cruz\u00f3 con Agust\u00edn Romo por las cr\u00edticas a las atracciones tur\u00edsticas de Mar del  Plata.<img decoding=\"async\" alt=\"Diego Brancatelli se cruz\u00f3 con Agust\u00edn Romo por las cr\u00edticas a las atracciones tur\u00edsticas de Mar del  Plata.\" src=\"https:\/\/www.clarin.com\/img\/2024\/01\/18\/LZwLUCOzK_720x0__1.jpg\"\/>Diego Brancatelli se cruz\u00f3 con Agust\u00edn Romo por las cr\u00edticas a las atracciones tur\u00edsticas de Mar del  Plata.<img decoding=\"async\" alt=\"Agust\u00edn Romo posa con Javier Milei. Ahora se cruz\u00f3 con Brancatelli. Foto Twitter\" src=\"https:\/\/www.clarin.com\/img\/2023\/11\/20\/XHUJOFOWe_720x0__1.jpg\"\/>Agust\u00edn Romo posa con Javier Milei. Ahora se cruz\u00f3 con Brancatelli. Foto Twitter<img decoding=\"async\" alt=\"Guillermo Montenegro le respondi\u00f3 a Diego Brancatelli por sus cr\u00edticas a las novedades tur\u00edsticas de Mar del Plata.\" src=\"https:\/\/www.clarin.com\/img\/2024\/01\/18\/TY7OZpbXT_720x0__1.jpg\"\/>Guillermo Montenegro le respondi\u00f3 a Diego Brancatelli por sus cr\u00edticas a las novedades tur\u00edsticas de Mar del Plata.<\/p>\n","protected":false},"excerpt":{"rendered":"<p>Diego Brancatelli se cruz\u00f3 con Agust\u00edn Romo por las cr\u00edticas a las atracciones tur\u00edsticas de Mar del Plata.Diego Brancatelli se cruz\u00f3 con Agust\u00edn Romo por las cr\u00edticas a las atracciones tur\u00edsticas de Mar del Plata.Agust\u00edn Romo posa con Javier Milei. Ahora se cruz\u00f3 con Brancatelli. Foto TwitterGuillermo Montenegro le respondi\u00f3 a Diego Brancatelli por sus cr\u00edticas a las novedades tur\u00edsticas de Mar del Plata.<\/p>\n","protected":false},"author":2,"featured_media":16657,"comment_status":"","ping_status":"","sticky":false,"template":"","format":"standard","meta":{"footnotes":""},"categories":[7],"tags":[],"_links":{"self":[{"href":"https:\/\/maxradio923.com.ar\/index.php\/wp-json\/wp\/v2\/posts\/16656"}],"collection":[{"href":"https:\/\/maxradio923.com.ar\/index.php\/wp-json\/wp\/v2\/posts"}],"about":[{"href":"https:\/\/maxradio923.com.ar\/index.php\/wp-json\/wp\/v2\/types\/post"}],"author":[{"embeddable":true,"href":"https:\/\/maxradio923.com.ar\/index.php\/wp-json\/wp\/v2\/users\/2"}],"replies":[{"embeddable":true,"href":"https:\/\/maxradio923.com.ar\/index.php\/wp-json\/wp\/v2\/comments?post=16656"}],"version-history":[{"count":0,"href":"https:\/\/maxradio923.com.ar\/index.php\/wp-json\/wp\/v2\/posts\/16656\/revisions"}],"wp:featuredmedia":[{"embeddable":true,"href":"https:\/\/maxradio923.com.ar\/index.php\/wp-json\/wp\/v2\/media\/16657"}],"wp:attachment":[{"href":"https:\/\/maxradio923.com.ar\/index.php\/wp-json\/wp\/v2\/media?parent=16656"}],"wp:term":[{"taxonomy":"category","embeddable":true,"href":"https:\/\/maxradio923.com.ar\/index.php\/wp-json\/wp\/v2\/categories?post=16656"},{"taxonomy":"post_tag","embeddable":true,"href":"https:\/\/maxradio923.com.ar\/index.php\/wp-json\/wp\/v2\/tags?post=16656"}],"curies":[{"name":"wp","href":"https:\/\/api.w.org\/{rel}","templated":true}]}}