{"id":16636,"date":"2024-01-19T12:24:12","date_gmt":"2024-01-19T15:24:12","guid":{"rendered":"https:\/\/maxradio923.com.ar\/index.php\/2024\/01\/19\/detuvieron-en-un-country-de-cordoba-a-familiares-del-narco-ecuatoriano-que-se-fugo-de-prision-y-desato-una-ola-de-violencia-en-su-pais\/"},"modified":"2024-01-19T12:24:12","modified_gmt":"2024-01-19T15:24:12","slug":"detuvieron-en-un-country-de-cordoba-a-familiares-del-narco-ecuatoriano-que-se-fugo-de-prision-y-desato-una-ola-de-violencia-en-su-pais","status":"publish","type":"post","link":"https:\/\/maxradio923.com.ar\/index.php\/2024\/01\/19\/detuvieron-en-un-country-de-cordoba-a-familiares-del-narco-ecuatoriano-que-se-fugo-de-prision-y-desato-una-ola-de-violencia-en-su-pais\/","title":{"rendered":"Detuvieron en un country de C\u00f3rdoba a familiares del narco ecuatoriano que se fug\u00f3 de prisi\u00f3n y desat\u00f3 una ola de violencia en su pa\u00eds"},"content":{"rendered":"<p><img decoding=\"async\" alt=\"Fito, el narco que tiene en vilo a Ecuador.\" src=\"https:\/\/www.clarin.com\/img\/2024\/01\/09\/UxddXLVZT_720x0__1.jpg\"\/>Fito, el narco que tiene en vilo a Ecuador.<img decoding=\"async\" alt=\"El Salvaje, otro narco que tiene en vilo a Ecuador.\" src=\"https:\/\/www.clarin.com\/img\/2024\/01\/09\/L3Df_IMPM_720x0__1.jpg\"\/>El Salvaje, otro narco que tiene en vilo a Ecuador.<\/p>\n","protected":false},"excerpt":{"rendered":"<p>Fito, el narco que tiene en vilo a Ecuador.El Salvaje, otro narco que tiene en vilo a Ecuador.<\/p>\n","protected":false},"author":2,"featured_media":16637,"comment_status":"","ping_status":"","sticky":false,"template":"","format":"standard","meta":{"footnotes":""},"categories":[6],"tags":[],"_links":{"self":[{"href":"https:\/\/maxradio923.com.ar\/index.php\/wp-json\/wp\/v2\/posts\/16636"}],"collection":[{"href":"https:\/\/maxradio923.com.ar\/index.php\/wp-json\/wp\/v2\/posts"}],"about":[{"href":"https:\/\/maxradio923.com.ar\/index.php\/wp-json\/wp\/v2\/types\/post"}],"author":[{"embeddable":true,"href":"https:\/\/maxradio923.com.ar\/index.php\/wp-json\/wp\/v2\/users\/2"}],"replies":[{"embeddable":true,"href":"https:\/\/maxradio923.com.ar\/index.php\/wp-json\/wp\/v2\/comments?post=16636"}],"version-history":[{"count":0,"href":"https:\/\/maxradio923.com.ar\/index.php\/wp-json\/wp\/v2\/posts\/16636\/revisions"}],"wp:featuredmedia":[{"embeddable":true,"href":"https:\/\/maxradio923.com.ar\/index.php\/wp-json\/wp\/v2\/media\/16637"}],"wp:attachment":[{"href":"https:\/\/maxradio923.com.ar\/index.php\/wp-json\/wp\/v2\/media?parent=16636"}],"wp:term":[{"taxonomy":"category","embeddable":true,"href":"https:\/\/maxradio923.com.ar\/index.php\/wp-json\/wp\/v2\/categories?post=16636"},{"taxonomy":"post_tag","embeddable":true,"href":"https:\/\/maxradio923.com.ar\/index.php\/wp-json\/wp\/v2\/tags?post=16636"}],"curies":[{"name":"wp","href":"https:\/\/api.w.org\/{rel}","templated":true}]}}