{"id":16628,"date":"2024-01-19T12:21:50","date_gmt":"2024-01-19T15:21:50","guid":{"rendered":"https:\/\/maxradio923.com.ar\/index.php\/2024\/01\/19\/por-primera-vez-mujeres-israelies-luchan-en-primera-linea-en-la-franja-de-gaza\/"},"modified":"2024-01-19T12:21:50","modified_gmt":"2024-01-19T15:21:50","slug":"por-primera-vez-mujeres-israelies-luchan-en-primera-linea-en-la-franja-de-gaza","status":"publish","type":"post","link":"https:\/\/maxradio923.com.ar\/index.php\/2024\/01\/19\/por-primera-vez-mujeres-israelies-luchan-en-primera-linea-en-la-franja-de-gaza\/","title":{"rendered":"Por primera vez, mujeres israel\u00edes luchan en primera l\u00ednea en la Franja de Gaza"},"content":{"rendered":"<ul>\n<li>Tras una larga lucha por ser aceptadas, las mujeres soldados de combate israel\u00edes est\u00e1n superando nuevos l\u00edmites tras entrar en combate el 7 de octubre.<\/li>\n<\/ul>\n","protected":false},"excerpt":{"rendered":"<p>Tras una larga lucha por ser aceptadas, las mujeres soldados de combate israel\u00edes est\u00e1n superando nuevos l\u00edmites tras entrar en combate el 7 de octubre.<\/p>\n","protected":false},"author":2,"featured_media":16629,"comment_status":"","ping_status":"","sticky":false,"template":"","format":"standard","meta":{"footnotes":""},"categories":[3],"tags":[],"_links":{"self":[{"href":"https:\/\/maxradio923.com.ar\/index.php\/wp-json\/wp\/v2\/posts\/16628"}],"collection":[{"href":"https:\/\/maxradio923.com.ar\/index.php\/wp-json\/wp\/v2\/posts"}],"about":[{"href":"https:\/\/maxradio923.com.ar\/index.php\/wp-json\/wp\/v2\/types\/post"}],"author":[{"embeddable":true,"href":"https:\/\/maxradio923.com.ar\/index.php\/wp-json\/wp\/v2\/users\/2"}],"replies":[{"embeddable":true,"href":"https:\/\/maxradio923.com.ar\/index.php\/wp-json\/wp\/v2\/comments?post=16628"}],"version-history":[{"count":0,"href":"https:\/\/maxradio923.com.ar\/index.php\/wp-json\/wp\/v2\/posts\/16628\/revisions"}],"wp:featuredmedia":[{"embeddable":true,"href":"https:\/\/maxradio923.com.ar\/index.php\/wp-json\/wp\/v2\/media\/16629"}],"wp:attachment":[{"href":"https:\/\/maxradio923.com.ar\/index.php\/wp-json\/wp\/v2\/media?parent=16628"}],"wp:term":[{"taxonomy":"category","embeddable":true,"href":"https:\/\/maxradio923.com.ar\/index.php\/wp-json\/wp\/v2\/categories?post=16628"},{"taxonomy":"post_tag","embeddable":true,"href":"https:\/\/maxradio923.com.ar\/index.php\/wp-json\/wp\/v2\/tags?post=16628"}],"curies":[{"name":"wp","href":"https:\/\/api.w.org\/{rel}","templated":true}]}}