{"id":16620,"date":"2024-01-19T12:20:36","date_gmt":"2024-01-19T15:20:36","guid":{"rendered":"https:\/\/maxradio923.com.ar\/index.php\/2024\/01\/19\/destacada-participacion-de-san-juan-en-la-56a-edicion-del-festival-nacional-de-malambo-de-laborde-2024\/"},"modified":"2024-01-19T12:20:36","modified_gmt":"2024-01-19T15:20:36","slug":"destacada-participacion-de-san-juan-en-la-56a-edicion-del-festival-nacional-de-malambo-de-laborde-2024","status":"publish","type":"post","link":"https:\/\/maxradio923.com.ar\/index.php\/2024\/01\/19\/destacada-participacion-de-san-juan-en-la-56a-edicion-del-festival-nacional-de-malambo-de-laborde-2024\/","title":{"rendered":"Destacada Participaci\u00f3n de San Juan en la 56\u00aa Edici\u00f3n del Festival Nacional de Malambo de Laborde 2024"},"content":{"rendered":"<p><img decoding=\"async\" src=\"https:\/\/diariod3.com\/wp-content\/uploads\/2024\/01\/53465666981_70fb5eca9d_b.jpg\"\/> Juan Jos\u00e9 Recabarren estuvo a un paso de quedarse con la categor\u00eda de Recitado Gauchesco. Thiago S\u00e1nchez y Agrupaci\u00f3n San Juan obtuvieron un reconocimiento.    <img decoding=\"async\" src=\"https:\/\/diariod3.com\/wp-content\/uploads\/2024\/01\/53464758842_5df89fde87_b.webp\"\/> <img decoding=\"async\" src=\"https:\/\/diariod3.com\/wp-content\/uploads\/2024\/01\/53465666981_70fb5eca9d_b.webp\"\/>    <img decoding=\"async\" src=\"https:\/\/sisanjuan.b-cdn.net\/media\/k2\/items\/cache\/0241bd2ea95d0ab6706da1982e7dad69_L.jpg\" alt=\"San Juan obtuvo un podio y dos menciones especiales en la final de Laborde 2024\"\/> Foto: Julia Vidal    <\/p>\n<p>Este fin de semana finaliz\u00f3 la 56\u00aa edici\u00f3n del tradicional Festival Nacional de Malambo de Laborde, en C\u00f3rdoba.<\/p>\n<p>Los representantes de nuestra provincia permanecieron en la ciudad cordobesa a la espera del veredicto de los jurados, el cual se conoci\u00f3 esa misma noche.<\/p>\n<p>En este sentido, la suerte de los artistas locales esta vez fue esquiva a excepci\u00f3n del recitador gauchesco, Juan Jos\u00e9 Recabarren, quien s\u00ed fue seleccionado y avanz\u00f3 a la final en su categor\u00eda.<\/p>\n<p>El sanjuanino subi\u00f3 al escenario a realizar su presentaci\u00f3n durante las primeras horas de iniciada la jornada final. Si bien tuvo una buena actuaci\u00f3n y exhibi\u00f3 todo el talento que lo caracteriza, el jurado consider\u00f3 que el santafecino C\u00e9sar Nu\u00f1ez era merecedor del premio m\u00e1ximo. De esta forma, <strong>Recabarren alcanz\u00f3 un meritorio segundo puesto.<\/strong><\/p>\n<p>Luego, durante la noche cordobesa, hubo lugar para un par de reconocimientos m\u00e1s para los representantes de San Juan.<\/p>\n<p>En este contexto, fueron <strong>Thiago S\u00e1nchez<\/strong> en la categor\u00eda de Solista Malambo Juvenil y la <strong>Agrupaci\u00f3n San Juan<\/strong> en el rubro Conjunto de Danza quienes <strong>fueron distinguidos con una Menci\u00f3n Especial<\/strong> por parte del jurado.<\/p>\n<p>Sin dudas la provincia volvi\u00f3 a estar bien representada en un certamen de car\u00e1cter nacional, en este caso, durante la edici\u00f3n 2024 del Festival Nacional de Malambo de Laborde, en C\u00f3rdoba.<\/p>\n<h3>La delegaci\u00f3n sanjuanina en Laborde 2024<\/h3>\n<ul>\n<li>Recitado Gauchesco: Juan Jos\u00e9 Recabarren (2\u00ba Puesto)<\/li>\n<li>Solista Malambo Juvenil: Thiago S\u00e1nchez (Menci\u00f3n Especial)<\/li>\n<li>Conjunto de Danza: Agrupaci\u00f3n San Juan (Menci\u00f3n Especial)<\/li>\n<li>Solista Malambo Infantil: Luciano Carri\u00f3n (Surcos Malambo)<\/li>\n<li>Solista Malambo Menor: Juan Pablo Arredendo \/ Profesor: Oscar Arredondo<\/li>\n<li>Solista Malambo Juvenil Especial: Germ\u00e1n Vargas (Surcos Malambo)<\/li>\n<li>Solista Malambo Veterano: Orlando P\u00e9rez<\/li>\n<li>Cuarteto de Malambo Menor: Santino Z\u00e1rate \u2013 Jesua Ozan \u2013 Elian Lucero \u2013 Marcos Avallay \/ Profesor: Roberto Lopez \/ Academia: Martina Chapanay<\/li>\n<li>Cuarteto de Malambo Mayor: Lopez Alejo, Lopez Carlos, Molina Ariel y Quiroga Nicol\u00e1s \/ Academia: Martina Chapanay<\/li>\n<li>Contrapunto de Malambo a la Mejor Mudanza: Gast\u00f3n Carrizo<\/li>\n<li>Aspirante a Campe\u00f3n: Mariano Jos\u00e9 Monta\u00f1a<\/li>\n<li>Pareja de Danza: Valeria Avila y Esequiel Salinas<\/li>\n<li>Paisana Nacional: Mar\u00eda Ceballes<\/li>\n<li>Solista de Canto: Jorge Paredes<\/li>\n<li>Locutor Animador: V\u00edctor Rub\u00e9n Bravo Monta\u00f1a<\/li>\n<\/ul>\n","protected":false},"excerpt":{"rendered":"<p>Juan Jos\u00e9 Recabarren estuvo a un paso de quedarse con la categor\u00eda de Recitado Gauchesco. Thiago S\u00e1nchez y Agrupaci\u00f3n San Juan obtuvieron un reconocimiento. Foto: Julia Vidal Este fin de semana finaliz\u00f3 la 56\u00aa edici\u00f3n del tradicional Festival Nacional de Malambo de Laborde, en C\u00f3rdoba.<br \/>\n Los representantes de nuestra provincia permanecieron en la ciudad cordobesa a la espera del veredicto de los jurados, el cual se conoci\u00f3 esa misma noche.<br \/>\n En este sentido, la suerte de los artistas locales esta vez fue esquiva a excepci\u00f3n del recitador gauchesco, Juan Jos\u00e9 Recabarren, quien s\u00ed fue seleccionado y avanz\u00f3 a la final en su categor\u00eda.<br \/>\n El sanjuanino subi\u00f3 al escenario a realizar su presentaci\u00f3n durante las primeras horas de iniciada la jornada final. Si bien tuvo una buena actuaci\u00f3n y exhibi\u00f3 todo el talento que lo caracteriza, el jurado consider\u00f3 que el santafecino C\u00e9sar Nu\u00f1ez era merecedor del premio m\u00e1ximo. De esta forma, Recabarren alcanz\u00f3 un meritorio segundo puesto.<br \/>\n Luego, durante la..<\/p>\n","protected":false},"author":2,"featured_media":16621,"comment_status":"","ping_status":"","sticky":false,"template":"","format":"standard","meta":{"footnotes":""},"categories":[10],"tags":[],"_links":{"self":[{"href":"https:\/\/maxradio923.com.ar\/index.php\/wp-json\/wp\/v2\/posts\/16620"}],"collection":[{"href":"https:\/\/maxradio923.com.ar\/index.php\/wp-json\/wp\/v2\/posts"}],"about":[{"href":"https:\/\/maxradio923.com.ar\/index.php\/wp-json\/wp\/v2\/types\/post"}],"author":[{"embeddable":true,"href":"https:\/\/maxradio923.com.ar\/index.php\/wp-json\/wp\/v2\/users\/2"}],"replies":[{"embeddable":true,"href":"https:\/\/maxradio923.com.ar\/index.php\/wp-json\/wp\/v2\/comments?post=16620"}],"version-history":[{"count":0,"href":"https:\/\/maxradio923.com.ar\/index.php\/wp-json\/wp\/v2\/posts\/16620\/revisions"}],"wp:featuredmedia":[{"embeddable":true,"href":"https:\/\/maxradio923.com.ar\/index.php\/wp-json\/wp\/v2\/media\/16621"}],"wp:attachment":[{"href":"https:\/\/maxradio923.com.ar\/index.php\/wp-json\/wp\/v2\/media?parent=16620"}],"wp:term":[{"taxonomy":"category","embeddable":true,"href":"https:\/\/maxradio923.com.ar\/index.php\/wp-json\/wp\/v2\/categories?post=16620"},{"taxonomy":"post_tag","embeddable":true,"href":"https:\/\/maxradio923.com.ar\/index.php\/wp-json\/wp\/v2\/tags?post=16620"}],"curies":[{"name":"wp","href":"https:\/\/api.w.org\/{rel}","templated":true}]}}