{"id":16618,"date":"2024-01-19T12:20:32","date_gmt":"2024-01-19T15:20:32","guid":{"rendered":"https:\/\/maxradio923.com.ar\/index.php\/2024\/01\/19\/marcelo-orrego-recibio-a-los-ganadores-sanjuaninos-del-pre-cosquin-2024\/"},"modified":"2024-01-19T12:20:32","modified_gmt":"2024-01-19T15:20:32","slug":"marcelo-orrego-recibio-a-los-ganadores-sanjuaninos-del-pre-cosquin-2024","status":"publish","type":"post","link":"https:\/\/maxradio923.com.ar\/index.php\/2024\/01\/19\/marcelo-orrego-recibio-a-los-ganadores-sanjuaninos-del-pre-cosquin-2024\/","title":{"rendered":"Marcelo Orrego recibi\u00f3 a los ganadores sanjuaninos del Pre Cosqu\u00edn 2024"},"content":{"rendered":"<p><img decoding=\"async\" src=\"https:\/\/diariod3.com\/wp-content\/uploads\/2024\/01\/WhatsApp-Image-2024-01-18-at-13.52.09.jpeg\"\/> <\/p>\n<p>En el Certamen para Nuevos Valores Pre Cosqu\u00edn 2024, en el que participaron artistas, San Juan tuvo un representante en la definici\u00f3n: el conjunto de malambo El Ramalazo, que obtuvo el primer puesto de su categor\u00eda y accedi\u00f3 al 64\u00b0 Festival de Cosqu\u00edn. Se presentar\u00e1n el 23 de enero. En este contexto, los artistas saludaron al gobernador Marcelo Orrego.<\/p>\n<blockquote>\n<p> Uno de los ganadores, Juan Pelletier, dijo: \u201cLe agradecimos al gobernador Orrego por el apoyo a la cultura. Esta competencia fue m\u00e1s que importante. Hab\u00edan 54 subsedes, de las cuales llegaron a la final en el rubro nuestro 11, combinado de malambo. Y el cual tuvimos la instancia de desempate con 5 subsedes m\u00e1s. Ah\u00ed resultamos ganadores\u201d.<\/p>\n<\/blockquote>\n<p>De este encuentro con el gobernador Orrego participaron los artistas Sergio Gonz\u00e1lez, Juan Pelletier, Sergio Salazar, Mat\u00edas Salazar, Alejandro del Marcha, Mat\u00edas Ortiz, Dar\u00edo Riveros. Vamos con los m\u00fasicos, Mauricio Manrique, Iv\u00e1n Aballay, Diablito Mart\u00ednez y Juanjo Recabarren.<\/p>\n","protected":false},"excerpt":{"rendered":"<p>En el Certamen para Nuevos Valores Pre Cosqu\u00edn 2024, en el que participaron artistas, San Juan tuvo un representante en la definici\u00f3n: el conjunto de malambo El Ramalazo, que obtuvo el primer puesto de su categor\u00eda y accedi\u00f3 al 64\u00b0 Festival de Cosqu\u00edn. Se presentar\u00e1n el 23 de enero. En este contexto, los artistas saludaron al gobernador Marcelo Orrego.<br \/>\n Uno de los ganadores, Juan Pelletier, dijo: \u201cLe agradecimos al gobernador Orrego por el apoyo a la cultura. Esta competencia fue m\u00e1s que importante. Hab\u00edan 54 subsedes, de las cuales llegaron a la final en el rubro nuestro 11, combinado de malambo. Y el cual tuvimos la instancia de desempate con 5 subsedes m\u00e1s. Ah\u00ed resultamos ganadores\u201d.<br \/>\n De este encuentro con el gobernador Orrego participaron los artistas Sergio Gonz\u00e1lez, Juan Pelletier, Sergio Salazar, Mat\u00edas Salazar, Alejandro del Marcha, Mat\u00edas Ortiz, Dar\u00edo Riveros. Vamos con los m\u00fasicos, Mauricio Manrique, Iv\u00e1n Aballay, Diablito Mart\u00ednez y Juanjo Recabarren.<\/p>\n","protected":false},"author":2,"featured_media":16619,"comment_status":"","ping_status":"","sticky":false,"template":"","format":"standard","meta":{"footnotes":""},"categories":[10],"tags":[],"_links":{"self":[{"href":"https:\/\/maxradio923.com.ar\/index.php\/wp-json\/wp\/v2\/posts\/16618"}],"collection":[{"href":"https:\/\/maxradio923.com.ar\/index.php\/wp-json\/wp\/v2\/posts"}],"about":[{"href":"https:\/\/maxradio923.com.ar\/index.php\/wp-json\/wp\/v2\/types\/post"}],"author":[{"embeddable":true,"href":"https:\/\/maxradio923.com.ar\/index.php\/wp-json\/wp\/v2\/users\/2"}],"replies":[{"embeddable":true,"href":"https:\/\/maxradio923.com.ar\/index.php\/wp-json\/wp\/v2\/comments?post=16618"}],"version-history":[{"count":0,"href":"https:\/\/maxradio923.com.ar\/index.php\/wp-json\/wp\/v2\/posts\/16618\/revisions"}],"wp:featuredmedia":[{"embeddable":true,"href":"https:\/\/maxradio923.com.ar\/index.php\/wp-json\/wp\/v2\/media\/16619"}],"wp:attachment":[{"href":"https:\/\/maxradio923.com.ar\/index.php\/wp-json\/wp\/v2\/media?parent=16618"}],"wp:term":[{"taxonomy":"category","embeddable":true,"href":"https:\/\/maxradio923.com.ar\/index.php\/wp-json\/wp\/v2\/categories?post=16618"},{"taxonomy":"post_tag","embeddable":true,"href":"https:\/\/maxradio923.com.ar\/index.php\/wp-json\/wp\/v2\/tags?post=16618"}],"curies":[{"name":"wp","href":"https:\/\/api.w.org\/{rel}","templated":true}]}}