{"id":16609,"date":"2024-01-19T12:13:08","date_gmt":"2024-01-19T15:13:08","guid":{"rendered":"https:\/\/maxradio923.com.ar\/index.php\/2024\/01\/19\/formalizaran-detencion-de-mujer-acusada-de-degollar-a-su-amigo\/"},"modified":"2024-01-19T12:13:08","modified_gmt":"2024-01-19T15:13:08","slug":"formalizaran-detencion-de-mujer-acusada-de-degollar-a-su-amigo","status":"publish","type":"post","link":"https:\/\/maxradio923.com.ar\/index.php\/2024\/01\/19\/formalizaran-detencion-de-mujer-acusada-de-degollar-a-su-amigo\/","title":{"rendered":"Formalizar\u00e1n Detenci\u00f3n de Mujer Acusada de Degollar a su Amigo"},"content":{"rendered":"<p><img decoding=\"async\" src=\"https:\/\/diariod3.com\/wp-content\/uploads\/2024\/01\/muerte-9-julio-2jfif.png\"\/><\/p>\n<p>El crimen ocurri\u00f3 el pasado mi\u00e9rcoles en el departamento de 9 de Julio, y la investigaci\u00f3n ha mantenido a la comunidad en vilo.<\/p>\n<p>Adri\u00e1n Riveros, uno de los fiscales a cargo del caso, anunci\u00f3 que Bustos S\u00e1nchez ya cuenta con asesor\u00eda legal y que se proceder\u00e1 con la formalizaci\u00f3n de la detenci\u00f3n. Hasta el momento, los motivos detr\u00e1s de este violento acto permanecen en la oscuridad, generando especulaciones y conmoci\u00f3n entre quienes conoc\u00edan a la v\u00edctima y la acusada.<\/p>\n<p>La autopsia realizada al cuerpo de Jos\u00e9 Marcelo Amarfil ha revelado detalles impactantes sobre la magnitud del ataque. Seg\u00fan Riveros, el docente presentaba al menos siete heridas cortopunzantes de gran profundidad y longitud. Estas revelaciones han aumentado la intriga en torno a este crimen brutal y han consolidado la investigaci\u00f3n contra Bustos S\u00e1nchez.<\/p>\n<p>El fiscal inform\u00f3 que la autopsia concluy\u00f3 que la causa de muerte fue shock hipovol\u00e9mico y que las heridas son compatibles con homicidio. Este resultado ha complicado la situaci\u00f3n de la detenida, quien inicialmente hab\u00eda alegado que Amarfil se hab\u00eda quitado la vida con un cuchillo. La investigaci\u00f3n sigue su curso, y la formalizaci\u00f3n de la detenci\u00f3n proporcionar\u00e1 m\u00e1s detalles sobre el caso que ha conmocionado a la comunidad.<\/p>\n<p>Op: Juan Llarena<\/p>\n","protected":false},"excerpt":{"rendered":"<p>El crimen ocurri\u00f3 el pasado mi\u00e9rcoles en el departamento de 9 de Julio, y la investigaci\u00f3n ha mantenido a la comunidad en vilo.<br \/>\n Adri\u00e1n Riveros, uno de los fiscales a cargo del caso, anunci\u00f3 que Bustos S\u00e1nchez ya cuenta con asesor\u00eda legal y que se proceder\u00e1 con la formalizaci\u00f3n de la detenci\u00f3n. Hasta el momento, los motivos detr\u00e1s de este violento acto permanecen en la oscuridad, generando especulaciones y conmoci\u00f3n entre quienes conoc\u00edan a la v\u00edctima y la acusada.<br \/>\n La autopsia realizada al cuerpo de Jos\u00e9 Marcelo Amarfil ha revelado detalles impactantes sobre la magnitud del ataque. Seg\u00fan Riveros, el docente presentaba al menos siete heridas cortopunzantes de gran profundidad y longitud. Estas revelaciones han aumentado la intriga en torno a este crimen brutal y han consolidado la investigaci\u00f3n contra Bustos S\u00e1nchez.<br \/>\n El fiscal inform\u00f3 que la autopsia concluy\u00f3 que la causa de muerte fue shock hipovol\u00e9mico y que las heridas son compatibles con homicidio. Este resultado ha complicado la ..<\/p>\n","protected":false},"author":2,"featured_media":16610,"comment_status":"","ping_status":"","sticky":false,"template":"","format":"standard","meta":{"footnotes":""},"categories":[8],"tags":[],"_links":{"self":[{"href":"https:\/\/maxradio923.com.ar\/index.php\/wp-json\/wp\/v2\/posts\/16609"}],"collection":[{"href":"https:\/\/maxradio923.com.ar\/index.php\/wp-json\/wp\/v2\/posts"}],"about":[{"href":"https:\/\/maxradio923.com.ar\/index.php\/wp-json\/wp\/v2\/types\/post"}],"author":[{"embeddable":true,"href":"https:\/\/maxradio923.com.ar\/index.php\/wp-json\/wp\/v2\/users\/2"}],"replies":[{"embeddable":true,"href":"https:\/\/maxradio923.com.ar\/index.php\/wp-json\/wp\/v2\/comments?post=16609"}],"version-history":[{"count":0,"href":"https:\/\/maxradio923.com.ar\/index.php\/wp-json\/wp\/v2\/posts\/16609\/revisions"}],"wp:featuredmedia":[{"embeddable":true,"href":"https:\/\/maxradio923.com.ar\/index.php\/wp-json\/wp\/v2\/media\/16610"}],"wp:attachment":[{"href":"https:\/\/maxradio923.com.ar\/index.php\/wp-json\/wp\/v2\/media?parent=16609"}],"wp:term":[{"taxonomy":"category","embeddable":true,"href":"https:\/\/maxradio923.com.ar\/index.php\/wp-json\/wp\/v2\/categories?post=16609"},{"taxonomy":"post_tag","embeddable":true,"href":"https:\/\/maxradio923.com.ar\/index.php\/wp-json\/wp\/v2\/tags?post=16609"}],"curies":[{"name":"wp","href":"https:\/\/api.w.org\/{rel}","templated":true}]}}