{"id":16605,"date":"2024-01-19T12:11:57","date_gmt":"2024-01-19T15:11:57","guid":{"rendered":"https:\/\/maxradio923.com.ar\/index.php\/2024\/01\/19\/pepe-mujica-tras-el-discurso-de-milei-en-davos-sera-un-tragico-personaje-de-historieta\/"},"modified":"2024-01-19T12:11:57","modified_gmt":"2024-01-19T15:11:57","slug":"pepe-mujica-tras-el-discurso-de-milei-en-davos-sera-un-tragico-personaje-de-historieta","status":"publish","type":"post","link":"https:\/\/maxradio923.com.ar\/index.php\/2024\/01\/19\/pepe-mujica-tras-el-discurso-de-milei-en-davos-sera-un-tragico-personaje-de-historieta\/","title":{"rendered":"Pepe Mujica, tras el discurso de Milei en Davos: \u00abSer\u00e1 un tr\u00e1gico personaje de historieta\u00bb"},"content":{"rendered":"<p><img decoding=\"async\" src=\"https:\/\/diariod3.com\/wp-content\/uploads\/2024\/01\/mujica.png\"\/><\/p>\n<p>El exmandatario de Uruguay, Jos\u00e9 \u00abPepe\u00bb Mujica, critic\u00f3 con dureza el discurso del presidente Javier Milei en el Foro Econ\u00f3mico Mundial y opin\u00f3: \u201cEste se\u00f1or tendr\u00e1 el \u00e9xito que le marque la historia, ser\u00e1 un tr\u00e1gico personaje de historieta\u201d.<\/p>\n<p>\u201cNecesitamos mercado, necesitamos regulaci\u00f3n, desgraciadamente necesitamos Estado porque nos transformamos en una selva. Y si el Estado tiene defectos, luchemos por mejorarlo, pero no nos quedemos a la intemperie\u201d, consider\u00f3 Mujica en su columna del programa \u201cMa\u00f1ana Sylvestre\u201d en Radio 10, porque \u201cesto de plantear que los defectos los tienen los otros y que nosotros tenemos todas las virtudes no solo es un disparate, es una negaci\u00f3n de la realidad\u201d.<\/p>\n<p>Seg\u00fan Mujica, Milei \u201cse pasa por el forro lo que hace m\u00e1s de 30 a\u00f1os c\u00f3nclaves de hombres de ciencia que han dedicado su vida a esto vienen pronosticando y que inexorablemente se vienen cumpliendo\u201d.<\/p>\n<p>\u201cNiega la evidencia. \u00bfA qu\u00e9 extremo se puede llegar en una inteligencia media cuando se cae en el abismo del fanatismo? Es sinceramente como una caricatura del pensamiento humano. Ojal\u00e1 podamos despertar. Ojal\u00e1 sea posible despertar\u201d, dese\u00f3.<\/p>\n<p>Por otro lado, Mujica critic\u00f3 que el Presidente se considere \u201clibertario\u201d: \u201cSe llaman libertarios y defienden un capitalismo sin frenos, sin ninguna regulaci\u00f3n ni nada por el estilo. Es como si no existiera la tendencia a la concentraci\u00f3n y de los monopolios\u201d, lanz\u00f3 el exmandatario de 88 a\u00f1os.<\/p>\n<p>Seg\u00fan Mujica, los libertarios surgieron en la Agrupaci\u00f3n Reforma Universitaria: \u201cLos muchachos mayores que yo que manejaban esa agrupaci\u00f3n se defin\u00edan como libertarios, impulsaban el trabajo social en cooperativas, estaban con que al Estado, con que al capitalismo, con que la explotaci\u00f3n del hombre, y so\u00f1aban con una sociedad basada en gente autogestionaria. Eran anti-Estado pero ferozmente anticapitalistas\u201d.<\/p>\n<p>\u201cCreo que estos que llaman \u2018libertarios\u2019 deber\u00edan de llamarse \u2018liberismo\u2019 porque es anterior al liberalismo, porque deja por el camino los mejores aportes que hizo el pensamiento aut\u00e9nticamente liberal de algunos tiempos, como Adam Smith, que defend\u00edan la iniciativa privada, pero llamaba la atenci\u00f3n sobre las confabulaciones que hac\u00eda frecuentemente el mundo paternal, ya en su \u00e9poca, para mejorar la tasa de ganancias\u201d, indic\u00f3 Mujica.<\/p>\n<p>Fuente: Diario de Cuyo<\/p>\n<p>Op: Rivero Cecilia<\/p>\n","protected":false},"excerpt":{"rendered":"<p>El exmandatario de Uruguay, Jos\u00e9 \u00abPepe\u00bb Mujica, critic\u00f3 con dureza el discurso del presidente Javier Milei en el Foro Econ\u00f3mico Mundial y opin\u00f3: \u201cEste se\u00f1or tendr\u00e1 el \u00e9xito que le marque la historia, ser\u00e1 un tr\u00e1gico personaje de historieta\u201d.<\/p>\n<p>\u201cNecesitamos mercado, necesitamos regulaci\u00f3n, desgraciadamente necesitamos Estado porque nos transformamos en una selva. Y si el Estado tiene defectos, luchemos por mejorarlo, pero no nos quedemos a la intemperie\u201d, consider\u00f3 Mujica en su columna del programa \u201cMa\u00f1ana Sylvestre\u201d en Radio 10, porque \u201cesto de plantear que los defectos los tienen los otros y que nosotros tenemos todas las virtudes no solo es un disparate, es una negaci\u00f3n de la realidad\u201d.<\/p>\n<p>Seg\u00fan Mujica, Milei \u201cse pasa por el forro lo que hace m\u00e1s de 30 a\u00f1os c\u00f3nclaves de hombres de ciencia que han dedicado su vida a esto vienen pronosticando y que inexorablemente se vienen cumpliendo\u201d.<\/p>\n<p>\u201cNiega la evidencia. \u00bfA qu\u00e9 extremo se puede llegar en una inteligencia media cuando se cae en el abis..<\/p>\n","protected":false},"author":2,"featured_media":16606,"comment_status":"","ping_status":"","sticky":false,"template":"","format":"standard","meta":{"footnotes":""},"categories":[12],"tags":[],"_links":{"self":[{"href":"https:\/\/maxradio923.com.ar\/index.php\/wp-json\/wp\/v2\/posts\/16605"}],"collection":[{"href":"https:\/\/maxradio923.com.ar\/index.php\/wp-json\/wp\/v2\/posts"}],"about":[{"href":"https:\/\/maxradio923.com.ar\/index.php\/wp-json\/wp\/v2\/types\/post"}],"author":[{"embeddable":true,"href":"https:\/\/maxradio923.com.ar\/index.php\/wp-json\/wp\/v2\/users\/2"}],"replies":[{"embeddable":true,"href":"https:\/\/maxradio923.com.ar\/index.php\/wp-json\/wp\/v2\/comments?post=16605"}],"version-history":[{"count":0,"href":"https:\/\/maxradio923.com.ar\/index.php\/wp-json\/wp\/v2\/posts\/16605\/revisions"}],"wp:featuredmedia":[{"embeddable":true,"href":"https:\/\/maxradio923.com.ar\/index.php\/wp-json\/wp\/v2\/media\/16606"}],"wp:attachment":[{"href":"https:\/\/maxradio923.com.ar\/index.php\/wp-json\/wp\/v2\/media?parent=16605"}],"wp:term":[{"taxonomy":"category","embeddable":true,"href":"https:\/\/maxradio923.com.ar\/index.php\/wp-json\/wp\/v2\/categories?post=16605"},{"taxonomy":"post_tag","embeddable":true,"href":"https:\/\/maxradio923.com.ar\/index.php\/wp-json\/wp\/v2\/tags?post=16605"}],"curies":[{"name":"wp","href":"https:\/\/api.w.org\/{rel}","templated":true}]}}