{"id":16589,"date":"2024-01-19T12:09:17","date_gmt":"2024-01-19T15:09:17","guid":{"rendered":"https:\/\/maxradio923.com.ar\/index.php\/2024\/01\/19\/quien-es-fito-macias-el-peligroso-narco-ecuatoriano-que-tenia-a-toda-su-familia-escondida-en-un-exclusivo-country-de-cordoba\/"},"modified":"2024-01-19T12:09:17","modified_gmt":"2024-01-19T15:09:17","slug":"quien-es-fito-macias-el-peligroso-narco-ecuatoriano-que-tenia-a-toda-su-familia-escondida-en-un-exclusivo-country-de-cordoba","status":"publish","type":"post","link":"https:\/\/maxradio923.com.ar\/index.php\/2024\/01\/19\/quien-es-fito-macias-el-peligroso-narco-ecuatoriano-que-tenia-a-toda-su-familia-escondida-en-un-exclusivo-country-de-cordoba\/","title":{"rendered":"Qui\u00e9n es \u201cFito\u201c Mac\u00edas, el peligroso narco ecuatoriano que ten\u00eda a toda su familia escondida en un exclusivo country de C\u00f3rdoba"},"content":{"rendered":"<p><img decoding=\"async\" alt=\"La fuga del capo de &quot;Los Choneros&quot; provoc\u00f3 una crisis de seguridad en Ecuador. Foto: Reuters\/Karen Toro\" src=\"https:\/\/www.clarin.com\/img\/2024\/01\/19\/EXqJ-3J4K_720x0__1.jpg\"\/>La fuga del capo de &quot;Los Choneros&quot; provoc\u00f3 una crisis de seguridad en Ecuador. Foto: Reuters\/Karen Toro<img decoding=\"async\" alt=\"En agosto del 2023 &quot;Fito&quot; fue trasladado a otra prisi\u00f3n en Guayaquil. Foto: Comando Conjunto de las Fuerzas Armadas  de Ecuador v\u00eda Reuters.\" src=\"https:\/\/www.clarin.com\/img\/2024\/01\/09\/cltbrc0tg_720x0__1.jpg\"\/>En agosto del 2023 &quot;Fito&quot; fue trasladado a otra prisi\u00f3n en Guayaquil. Foto: Comando Conjunto de las Fuerzas Armadas  de Ecuador v\u00eda Reuters.<\/p>\n","protected":false},"excerpt":{"rendered":"<p>La fuga del capo de &#8220;Los Choneros&#8221; provoc\u00f3 una crisis de seguridad en Ecuador. Foto: Reuters\/Karen ToroEn agosto del 2023 &#8220;Fito&#8221; fue trasladado a otra prisi\u00f3n en Guayaquil. Foto: Comando Conjunto de las Fuerzas Armadas de Ecuador v\u00eda Reuters.<\/p>\n","protected":false},"author":2,"featured_media":16590,"comment_status":"","ping_status":"","sticky":false,"template":"","format":"standard","meta":{"footnotes":""},"categories":[3],"tags":[],"_links":{"self":[{"href":"https:\/\/maxradio923.com.ar\/index.php\/wp-json\/wp\/v2\/posts\/16589"}],"collection":[{"href":"https:\/\/maxradio923.com.ar\/index.php\/wp-json\/wp\/v2\/posts"}],"about":[{"href":"https:\/\/maxradio923.com.ar\/index.php\/wp-json\/wp\/v2\/types\/post"}],"author":[{"embeddable":true,"href":"https:\/\/maxradio923.com.ar\/index.php\/wp-json\/wp\/v2\/users\/2"}],"replies":[{"embeddable":true,"href":"https:\/\/maxradio923.com.ar\/index.php\/wp-json\/wp\/v2\/comments?post=16589"}],"version-history":[{"count":0,"href":"https:\/\/maxradio923.com.ar\/index.php\/wp-json\/wp\/v2\/posts\/16589\/revisions"}],"wp:featuredmedia":[{"embeddable":true,"href":"https:\/\/maxradio923.com.ar\/index.php\/wp-json\/wp\/v2\/media\/16590"}],"wp:attachment":[{"href":"https:\/\/maxradio923.com.ar\/index.php\/wp-json\/wp\/v2\/media?parent=16589"}],"wp:term":[{"taxonomy":"category","embeddable":true,"href":"https:\/\/maxradio923.com.ar\/index.php\/wp-json\/wp\/v2\/categories?post=16589"},{"taxonomy":"post_tag","embeddable":true,"href":"https:\/\/maxradio923.com.ar\/index.php\/wp-json\/wp\/v2\/tags?post=16589"}],"curies":[{"name":"wp","href":"https:\/\/api.w.org\/{rel}","templated":true}]}}