{"id":16575,"date":"2024-01-18T10:42:09","date_gmt":"2024-01-18T13:42:09","guid":{"rendered":"https:\/\/maxradio923.com.ar\/index.php\/2024\/01\/18\/detenido-por-agresion-golpea-a-su-pareja-en-pocito\/"},"modified":"2024-01-18T10:42:09","modified_gmt":"2024-01-18T13:42:09","slug":"detenido-por-agresion-golpea-a-su-pareja-en-pocito","status":"publish","type":"post","link":"https:\/\/maxradio923.com.ar\/index.php\/2024\/01\/18\/detenido-por-agresion-golpea-a-su-pareja-en-pocito\/","title":{"rendered":"Detenido por Agresi\u00f3n: Golpea a su Pareja en Pocito"},"content":{"rendered":"<p><img decoding=\"async\" src=\"https:\/\/grupomorenomedios.com.ar\/wp-content\/uploads\/2024\/01\/50671561363_87e8980d7f_b.jpg\"\/><\/p>\n<p><img decoding=\"async\" src=\"https:\/\/diariod3.com\/wp-content\/uploads\/2024\/01\/50671561363_87e8980d7f_b.jpg\"\/><\/p>\n<p>La intervenci\u00f3n policial tuvo lugar en el domicilio de la pareja, luego de recibir una llamada de emergencia. La mujer agredida fue trasladada de inmediato al hospital departamental para recibir atenci\u00f3n m\u00e9dica.<\/p>\n<p>En el sitio del incidente, se procedi\u00f3 a la detenci\u00f3n del presunto agresor. Enfrentar\u00e1 cargos relacionados con violencia intrafamiliar y de g\u00e9nero. Adem\u00e1s, se ha iniciado un legajo de flagrancia con la car\u00e1tula de \u00ablesiones leves agravadas por el v\u00ednculo y da\u00f1o\u00bb, seg\u00fan las indicaciones del ayudante fiscal de turno.<\/p>\n<p>Op: Juan Llarena<\/p>\n<p>La entrada Detenido por Agresi\u00f3n: Golpea a su Pareja en Pocito se public\u00f3 primero en DIARIO DIGITAL MORENO MEDIOS.<\/p>\n","protected":false},"excerpt":{"rendered":"<p>La intervenci\u00f3n policial tuvo lugar en el domicilio de la pareja, luego de recibir una llamada de emergencia. La mujer agredida fue trasladada de inmediato al hospital departamental para recibir atenci\u00f3n m\u00e9dica. En el sitio del incidente, se procedi\u00f3 a la detenci\u00f3n del presunto agresor. Enfrentar\u00e1 cargos relacionados con violencia intrafamiliar y de g\u00e9nero. Adem\u00e1s, [&hellip;]<\/p>\n","protected":false},"author":1,"featured_media":16576,"comment_status":"","ping_status":"","sticky":false,"template":"","format":"standard","meta":{"footnotes":""},"categories":[5],"tags":[],"_links":{"self":[{"href":"https:\/\/maxradio923.com.ar\/index.php\/wp-json\/wp\/v2\/posts\/16575"}],"collection":[{"href":"https:\/\/maxradio923.com.ar\/index.php\/wp-json\/wp\/v2\/posts"}],"about":[{"href":"https:\/\/maxradio923.com.ar\/index.php\/wp-json\/wp\/v2\/types\/post"}],"author":[{"embeddable":true,"href":"https:\/\/maxradio923.com.ar\/index.php\/wp-json\/wp\/v2\/users\/1"}],"replies":[{"embeddable":true,"href":"https:\/\/maxradio923.com.ar\/index.php\/wp-json\/wp\/v2\/comments?post=16575"}],"version-history":[{"count":0,"href":"https:\/\/maxradio923.com.ar\/index.php\/wp-json\/wp\/v2\/posts\/16575\/revisions"}],"wp:featuredmedia":[{"embeddable":true,"href":"https:\/\/maxradio923.com.ar\/index.php\/wp-json\/wp\/v2\/media\/16576"}],"wp:attachment":[{"href":"https:\/\/maxradio923.com.ar\/index.php\/wp-json\/wp\/v2\/media?parent=16575"}],"wp:term":[{"taxonomy":"category","embeddable":true,"href":"https:\/\/maxradio923.com.ar\/index.php\/wp-json\/wp\/v2\/categories?post=16575"},{"taxonomy":"post_tag","embeddable":true,"href":"https:\/\/maxradio923.com.ar\/index.php\/wp-json\/wp\/v2\/tags?post=16575"}],"curies":[{"name":"wp","href":"https:\/\/api.w.org\/{rel}","templated":true}]}}