{"id":16565,"date":"2024-01-18T10:40:52","date_gmt":"2024-01-18T13:40:52","guid":{"rendered":"https:\/\/maxradio923.com.ar\/index.php\/2024\/01\/18\/pakistan-lanza-un-ataque-de-represalia-contra-iran-hay-9-muertos-y-la-escalda-de-tensiones-es-la-mas-grande-en-anos\/"},"modified":"2024-01-18T10:40:52","modified_gmt":"2024-01-18T13:40:52","slug":"pakistan-lanza-un-ataque-de-represalia-contra-iran-hay-9-muertos-y-la-escalda-de-tensiones-es-la-mas-grande-en-anos","status":"publish","type":"post","link":"https:\/\/maxradio923.com.ar\/index.php\/2024\/01\/18\/pakistan-lanza-un-ataque-de-represalia-contra-iran-hay-9-muertos-y-la-escalda-de-tensiones-es-la-mas-grande-en-anos\/","title":{"rendered":"Pakist\u00e1n lanza un ataque de represalia contra Ir\u00e1n: hay 9 muertos y la escalda de tensiones es la m\u00e1s grande en a\u00f1os"},"content":{"rendered":"<p><img decoding=\"async\" alt=\"La gente mira los destrozos dejados tras el ataque paquistan\u00ed en Saravan. Foto: Reuters\" src=\"https:\/\/www.clarin.com\/img\/2024\/01\/18\/6Lm9eSqxk_720x0__1.jpg\"\/>La gente mira los destrozos dejados tras el ataque paquistan\u00ed en Saravan. Foto: Reuters<img decoding=\"async\" alt=\"Los ataques fueron dirigidos contra escondites terroristas en la provincia iran\u00ed de Sist\u00e1n y Baluchist\u00e1n, dijo Pakist\u00e1n. Foto: Reuters\" src=\"https:\/\/www.clarin.com\/img\/2024\/01\/18\/cvhHZUT4e_720x0__1.jpg\"\/>Los ataques fueron dirigidos contra escondites terroristas en la provincia iran\u00ed de Sist\u00e1n y Baluchist\u00e1n, dijo Pakist\u00e1n. Foto: Reuters<\/p>\n","protected":false},"excerpt":{"rendered":"<p>La gente mira los destrozos dejados tras el ataque paquistan\u00ed en Saravan. Foto: ReutersLos ataques fueron dirigidos contra escondites terroristas en la provincia iran\u00ed de Sist\u00e1n y Baluchist\u00e1n, dijo Pakist\u00e1n. Foto: Reuters<\/p>\n","protected":false},"author":2,"featured_media":16566,"comment_status":"","ping_status":"","sticky":false,"template":"","format":"standard","meta":{"footnotes":""},"categories":[3],"tags":[],"_links":{"self":[{"href":"https:\/\/maxradio923.com.ar\/index.php\/wp-json\/wp\/v2\/posts\/16565"}],"collection":[{"href":"https:\/\/maxradio923.com.ar\/index.php\/wp-json\/wp\/v2\/posts"}],"about":[{"href":"https:\/\/maxradio923.com.ar\/index.php\/wp-json\/wp\/v2\/types\/post"}],"author":[{"embeddable":true,"href":"https:\/\/maxradio923.com.ar\/index.php\/wp-json\/wp\/v2\/users\/2"}],"replies":[{"embeddable":true,"href":"https:\/\/maxradio923.com.ar\/index.php\/wp-json\/wp\/v2\/comments?post=16565"}],"version-history":[{"count":0,"href":"https:\/\/maxradio923.com.ar\/index.php\/wp-json\/wp\/v2\/posts\/16565\/revisions"}],"wp:featuredmedia":[{"embeddable":true,"href":"https:\/\/maxradio923.com.ar\/index.php\/wp-json\/wp\/v2\/media\/16566"}],"wp:attachment":[{"href":"https:\/\/maxradio923.com.ar\/index.php\/wp-json\/wp\/v2\/media?parent=16565"}],"wp:term":[{"taxonomy":"category","embeddable":true,"href":"https:\/\/maxradio923.com.ar\/index.php\/wp-json\/wp\/v2\/categories?post=16565"},{"taxonomy":"post_tag","embeddable":true,"href":"https:\/\/maxradio923.com.ar\/index.php\/wp-json\/wp\/v2\/tags?post=16565"}],"curies":[{"name":"wp","href":"https:\/\/api.w.org\/{rel}","templated":true}]}}