{"id":16563,"date":"2024-01-18T10:40:48","date_gmt":"2024-01-18T13:40:48","guid":{"rendered":"https:\/\/maxradio923.com.ar\/index.php\/2024\/01\/18\/como-si-no-tuvieramos-bastante-con-que-asustarnos\/"},"modified":"2024-01-18T10:40:48","modified_gmt":"2024-01-18T13:40:48","slug":"como-si-no-tuvieramos-bastante-con-que-asustarnos","status":"publish","type":"post","link":"https:\/\/maxradio923.com.ar\/index.php\/2024\/01\/18\/como-si-no-tuvieramos-bastante-con-que-asustarnos\/","title":{"rendered":"Como si no tuvi\u00e9ramos bastante con qu\u00e9 asustarnos&#8230;"},"content":{"rendered":"<p><img decoding=\"async\" alt=\"Kim Gunn, Representante Especial para la Paz y la Seguridad en la Pen\u00ednsula Coreana, posa con Namazu Hiroyuki, director general de Jap\u00f3n y ministro adjunto de la Oficina de Asuntos Asi\u00e1ticos y Oce\u00e1nicos, y Jung Pak, alto funcionario estadounidense para Corea del Norte, en su reuni\u00f3n trilateral en el Ministerio de Asuntos Exteriores en Se\u00fal, Corea del Sur, jueves 18 de enero de 2024. Ahn Young-joon\/Pool v\u00eda REUTERS\" src=\"https:\/\/www.clarin.com\/img\/2024\/01\/18\/-DPLxIWOA_720x0__1.jpg\"\/>Kim Gunn, Representante Especial para la Paz y la Seguridad en la Pen\u00ednsula Coreana, posa con Namazu Hiroyuki, director general de Jap\u00f3n y ministro adjunto de la Oficina de Asuntos Asi\u00e1ticos y Oce\u00e1nicos, y Jung Pak, alto funcionario estadounidense para Corea del Norte, en su reuni\u00f3n trilateral en el Ministerio de Asuntos Exteriores en Se\u00fal, Corea del Sur, jueves 18 de enero de 2024. Ahn Young-joon\/Pool v\u00eda REUTERS<\/p>\n","protected":false},"excerpt":{"rendered":"<p>Kim Gunn, Representante Especial para la Paz y la Seguridad en la Pen\u00ednsula Coreana, posa con Namazu Hiroyuki, director general de Jap\u00f3n y ministro adjunto de la Oficina de Asuntos Asi\u00e1ticos y Oce\u00e1nicos, y Jung Pak, alto funcionario estadounidense para Corea del Norte, en su reuni\u00f3n trilateral en el Ministerio de Asuntos Exteriores en Se\u00fal, Corea del Sur, jueves 18 de enero de 2024. Ahn Young-joon\/Pool v\u00eda REUTERS<\/p>\n","protected":false},"author":2,"featured_media":16564,"comment_status":"","ping_status":"","sticky":false,"template":"","format":"standard","meta":{"footnotes":""},"categories":[3],"tags":[],"_links":{"self":[{"href":"https:\/\/maxradio923.com.ar\/index.php\/wp-json\/wp\/v2\/posts\/16563"}],"collection":[{"href":"https:\/\/maxradio923.com.ar\/index.php\/wp-json\/wp\/v2\/posts"}],"about":[{"href":"https:\/\/maxradio923.com.ar\/index.php\/wp-json\/wp\/v2\/types\/post"}],"author":[{"embeddable":true,"href":"https:\/\/maxradio923.com.ar\/index.php\/wp-json\/wp\/v2\/users\/2"}],"replies":[{"embeddable":true,"href":"https:\/\/maxradio923.com.ar\/index.php\/wp-json\/wp\/v2\/comments?post=16563"}],"version-history":[{"count":0,"href":"https:\/\/maxradio923.com.ar\/index.php\/wp-json\/wp\/v2\/posts\/16563\/revisions"}],"wp:featuredmedia":[{"embeddable":true,"href":"https:\/\/maxradio923.com.ar\/index.php\/wp-json\/wp\/v2\/media\/16564"}],"wp:attachment":[{"href":"https:\/\/maxradio923.com.ar\/index.php\/wp-json\/wp\/v2\/media?parent=16563"}],"wp:term":[{"taxonomy":"category","embeddable":true,"href":"https:\/\/maxradio923.com.ar\/index.php\/wp-json\/wp\/v2\/categories?post=16563"},{"taxonomy":"post_tag","embeddable":true,"href":"https:\/\/maxradio923.com.ar\/index.php\/wp-json\/wp\/v2\/tags?post=16563"}],"curies":[{"name":"wp","href":"https:\/\/api.w.org\/{rel}","templated":true}]}}