{"id":16557,"date":"2024-01-18T10:40:06","date_gmt":"2024-01-18T13:40:06","guid":{"rendered":"https:\/\/maxradio923.com.ar\/index.php\/2024\/01\/18\/el-bailaor-espanol-jasiel-nahin-vuelve-al-teatro-del-bicentenario-con-su-tablao-flamenco\/"},"modified":"2024-01-18T10:40:06","modified_gmt":"2024-01-18T13:40:06","slug":"el-bailaor-espanol-jasiel-nahin-vuelve-al-teatro-del-bicentenario-con-su-tablao-flamenco","status":"publish","type":"post","link":"https:\/\/maxradio923.com.ar\/index.php\/2024\/01\/18\/el-bailaor-espanol-jasiel-nahin-vuelve-al-teatro-del-bicentenario-con-su-tablao-flamenco\/","title":{"rendered":"El bailaor espa\u00f1ol Jasiel Nahin vuelve al Teatro del Bicentenario con su tablao flamenco"},"content":{"rendered":"<p><img decoding=\"async\" src=\"https:\/\/diariod3.com\/wp-content\/uploads\/2024\/01\/f0b2964c098e4ea07363b4034a53205b_L.jpg\"\/> Desde Espa\u00f1a, el gran bailaor regresa con el m\u00e1s puro flamenco a la Sala Audit\u00f3rium del Teatro del Bicentenario el pr\u00f3ximo s\u00e1bado 3 de febrero, a las 21:30 hs.     <img decoding=\"async\" src=\"https:\/\/sisanjuan.b-cdn.net\/media\/k2\/items\/cache\/f0b2964c098e4ea07363b4034a53205b_L.jpg\" alt=\"El bailaor espa\u00f1ol Jasiel Nahin vuelve al Teatro del Bicentenario con su tablao flamenco\"\/>    <\/p>\n<p>El Ministerio de Turismo, Cultura y Deporte, a trav\u00e9s del Teatro del Bicentenario, presenta Tablao Flamenco, un espect\u00e1culo tradicional andaluz a cargo de Jasiel Nahin, como proyecto seleccionado por la Ley de Mecenazgo 2023. De esta manera, la sala secundaria del Teatro del Bicentenario se convertir\u00e1 en un tradicional tablao, donde la danza y el toque en vivo se unen en una imperdible ocasi\u00f3n.<\/p>\n<p>El evento, que es organizado por Cuky Maestro, presidenta de la Asociaci\u00f3n Civil Ciclo Flamenco, se realiza en el marco de un seminario a cargo del destacado bailar\u00edn, quien a su vez dirigir\u00e1 el montaje coreogr\u00e1fico de la Compa\u00f1\u00eda Cuyo Flamenco, un nuevo proyecto de la asociaci\u00f3n.<\/p>\n<p>En esta oportunidad, al bailaor espa\u00f1ol Jasiel Nahin se le unen en cante Gaby G\u00f3mez y Rita L\u00f3pez, en toque Daniel G\u00f3mez y en palmas Marisol Morales y Alejandra Minet.<\/p>\n<p>Un imperdible espect\u00e1culo que deleitar\u00e1 al p\u00fablico con lo m\u00e1s puro del flamenco entre casta\u00f1uelas, taconeo y cante hondo el pr\u00f3ximo s\u00e1bado 3 de febrero a las 21:30 horas, en la Sala Auditorium del TB. La entrada general tendr\u00e1 un valor de $3500 y est\u00e1 disponible en la boleter\u00eda del teatro de martes a s\u00e1bado de 10 a 14 horas. Tambi\u00e9n puede adquirirse a trav\u00e9s de TuEntrada.com.<\/p>\n","protected":false},"excerpt":{"rendered":"<p>Desde Espa\u00f1a, el gran bailaor regresa con el m\u00e1s puro flamenco a la Sala Audit\u00f3rium del Teatro del Bicentenario el pr\u00f3ximo s\u00e1bado 3 de febrero, a las 21:30 hs. El Ministerio de Turismo, Cultura y Deporte, a trav\u00e9s del Teatro del Bicentenario, presenta Tablao Flamenco, un espect\u00e1culo tradicional andaluz a cargo de Jasiel Nahin, como proyecto seleccionado por la Ley de Mecenazgo 2023. De esta manera, la sala secundaria del Teatro del Bicentenario se convertir\u00e1 en un tradicional tablao, donde la danza y el toque en vivo se unen en una imperdible ocasi\u00f3n.<br \/>\n El evento, que es organizado por Cuky Maestro, presidenta de la Asociaci\u00f3n Civil Ciclo Flamenco, se realiza en el marco de un seminario a cargo del destacado bailar\u00edn, quien a su vez dirigir\u00e1 el montaje coreogr\u00e1fico de la Compa\u00f1\u00eda Cuyo Flamenco, un nuevo proyecto de la asociaci\u00f3n.<br \/>\n En esta oportunidad, al bailaor espa\u00f1ol Jasiel Nahin se le unen en cante Gaby G\u00f3mez y Rita L\u00f3pez, en toque Daniel G\u00f3mez y en palmas Marisol Morales y Alejandr..<\/p>\n","protected":false},"author":2,"featured_media":16558,"comment_status":"","ping_status":"","sticky":false,"template":"","format":"standard","meta":{"footnotes":""},"categories":[10],"tags":[],"_links":{"self":[{"href":"https:\/\/maxradio923.com.ar\/index.php\/wp-json\/wp\/v2\/posts\/16557"}],"collection":[{"href":"https:\/\/maxradio923.com.ar\/index.php\/wp-json\/wp\/v2\/posts"}],"about":[{"href":"https:\/\/maxradio923.com.ar\/index.php\/wp-json\/wp\/v2\/types\/post"}],"author":[{"embeddable":true,"href":"https:\/\/maxradio923.com.ar\/index.php\/wp-json\/wp\/v2\/users\/2"}],"replies":[{"embeddable":true,"href":"https:\/\/maxradio923.com.ar\/index.php\/wp-json\/wp\/v2\/comments?post=16557"}],"version-history":[{"count":0,"href":"https:\/\/maxradio923.com.ar\/index.php\/wp-json\/wp\/v2\/posts\/16557\/revisions"}],"wp:featuredmedia":[{"embeddable":true,"href":"https:\/\/maxradio923.com.ar\/index.php\/wp-json\/wp\/v2\/media\/16558"}],"wp:attachment":[{"href":"https:\/\/maxradio923.com.ar\/index.php\/wp-json\/wp\/v2\/media?parent=16557"}],"wp:term":[{"taxonomy":"category","embeddable":true,"href":"https:\/\/maxradio923.com.ar\/index.php\/wp-json\/wp\/v2\/categories?post=16557"},{"taxonomy":"post_tag","embeddable":true,"href":"https:\/\/maxradio923.com.ar\/index.php\/wp-json\/wp\/v2\/tags?post=16557"}],"curies":[{"name":"wp","href":"https:\/\/api.w.org\/{rel}","templated":true}]}}