{"id":16555,"date":"2024-01-18T10:40:01","date_gmt":"2024-01-18T13:40:01","guid":{"rendered":"https:\/\/maxradio923.com.ar\/index.php\/2024\/01\/18\/san-juan-entre-las-10-mejores-delegaciones-del-festival-jesus-maria\/"},"modified":"2024-01-18T10:40:01","modified_gmt":"2024-01-18T13:40:01","slug":"san-juan-entre-las-10-mejores-delegaciones-del-festival-jesus-maria","status":"publish","type":"post","link":"https:\/\/maxradio923.com.ar\/index.php\/2024\/01\/18\/san-juan-entre-las-10-mejores-delegaciones-del-festival-jesus-maria\/","title":{"rendered":"San Juan entre las 10 mejores delegaciones del Festival Jes\u00fas Mar\u00eda"},"content":{"rendered":"<p><img decoding=\"async\" src=\"https:\/\/diariod3.com\/wp-content\/uploads\/2024\/01\/cab7fc86fbaf2f5442e5bf49c236ec71_L.jpg\"\/> La delegaci\u00f3n sanjuanina qued\u00f3 novena dentro del festival Nacional de Doma y Folklore Jes\u00fas Mar\u00eda.     <img decoding=\"async\" src=\"https:\/\/sisanjuan.b-cdn.net\/media\/k2\/items\/cache\/cab7fc86fbaf2f5442e5bf49c236ec71_L.jpg\" alt=\"San Juan entre las 10 mejores delegaciones del Festival Jes\u00fas Mar\u00eda\"\/>    <\/p>\n<p>El Gobierno de San Juan, a trav\u00e9s del Ministerio de Turismo, Cultura y Deporte apoy\u00f3 a la Federaci\u00f3n Gaucha sanjuanina para que la delegaci\u00f3n local de jinetes participe del tradicional festival Jes\u00fas Mar\u00eda.<\/p>\n<p>El Festival de Doma y folclore Jes\u00fas Mar\u00eda es uno de los eventos m\u00e1s importantes para la comunidad gaucha. La delegaci\u00f3n sanjuanina particip\u00f3 en tres categor\u00edas en el Campeonato Nacional de Jineteada.<\/p>\n<p>En esta oportunidad Rodrigo Sandovares Palma, quedo en tercer lugar en la categor\u00eda Crina Limpia; Lucas Segundo Castro particip\u00f3 en la categor\u00eda Gurupa Sure\u00f1a y qued\u00f3 en d\u00e9cimo lugar y en la categor\u00eda Bastos con encimera lisa particip\u00f3 Kevin Nicolas Godoy.<\/p>\n<p>Cabe destacar que con estos resultados la provincia se asegura la plaza para participar en el festival en 2025.<\/p>\n","protected":false},"excerpt":{"rendered":"<p>La delegaci\u00f3n sanjuanina qued\u00f3 novena dentro del festival Nacional de Doma y Folklore Jes\u00fas Mar\u00eda. El Gobierno de San Juan, a trav\u00e9s del Ministerio de Turismo, Cultura y Deporte apoy\u00f3 a la Federaci\u00f3n Gaucha sanjuanina para que la delegaci\u00f3n local de jinetes participe del tradicional festival Jes\u00fas Mar\u00eda.<br \/>\n El Festival de Doma y folclore Jes\u00fas Mar\u00eda es uno de los eventos m\u00e1s importantes para la comunidad gaucha. La delegaci\u00f3n sanjuanina particip\u00f3 en tres categor\u00edas en el Campeonato Nacional de Jineteada.<br \/>\n En esta oportunidad Rodrigo Sandovares Palma, quedo en tercer lugar en la categor\u00eda Crina Limpia; Lucas Segundo Castro particip\u00f3 en la categor\u00eda Gurupa Sure\u00f1a y qued\u00f3 en d\u00e9cimo lugar y en la categor\u00eda Bastos con encimera lisa particip\u00f3 Kevin Nicolas Godoy.<br \/>\n Cabe destacar que con estos resultados la provincia se asegura la plaza para participar en el festival en 2025.<\/p>\n","protected":false},"author":2,"featured_media":16556,"comment_status":"","ping_status":"","sticky":false,"template":"","format":"standard","meta":{"footnotes":""},"categories":[10],"tags":[],"_links":{"self":[{"href":"https:\/\/maxradio923.com.ar\/index.php\/wp-json\/wp\/v2\/posts\/16555"}],"collection":[{"href":"https:\/\/maxradio923.com.ar\/index.php\/wp-json\/wp\/v2\/posts"}],"about":[{"href":"https:\/\/maxradio923.com.ar\/index.php\/wp-json\/wp\/v2\/types\/post"}],"author":[{"embeddable":true,"href":"https:\/\/maxradio923.com.ar\/index.php\/wp-json\/wp\/v2\/users\/2"}],"replies":[{"embeddable":true,"href":"https:\/\/maxradio923.com.ar\/index.php\/wp-json\/wp\/v2\/comments?post=16555"}],"version-history":[{"count":0,"href":"https:\/\/maxradio923.com.ar\/index.php\/wp-json\/wp\/v2\/posts\/16555\/revisions"}],"wp:featuredmedia":[{"embeddable":true,"href":"https:\/\/maxradio923.com.ar\/index.php\/wp-json\/wp\/v2\/media\/16556"}],"wp:attachment":[{"href":"https:\/\/maxradio923.com.ar\/index.php\/wp-json\/wp\/v2\/media?parent=16555"}],"wp:term":[{"taxonomy":"category","embeddable":true,"href":"https:\/\/maxradio923.com.ar\/index.php\/wp-json\/wp\/v2\/categories?post=16555"},{"taxonomy":"post_tag","embeddable":true,"href":"https:\/\/maxradio923.com.ar\/index.php\/wp-json\/wp\/v2\/tags?post=16555"}],"curies":[{"name":"wp","href":"https:\/\/api.w.org\/{rel}","templated":true}]}}