{"id":16545,"date":"2024-01-18T10:37:19","date_gmt":"2024-01-18T13:37:19","guid":{"rendered":"https:\/\/maxradio923.com.ar\/index.php\/2024\/01\/18\/profesionales-de-salud-mental-buscan-preservar-ley-vigente-frente-a-reformas-de-milei\/"},"modified":"2024-01-18T10:37:19","modified_gmt":"2024-01-18T13:37:19","slug":"profesionales-de-salud-mental-buscan-preservar-ley-vigente-frente-a-reformas-de-milei","status":"publish","type":"post","link":"https:\/\/maxradio923.com.ar\/index.php\/2024\/01\/18\/profesionales-de-salud-mental-buscan-preservar-ley-vigente-frente-a-reformas-de-milei\/","title":{"rendered":"Profesionales de Salud Mental Buscan Preservar Ley Vigente Frente a Reformas de Milei"},"content":{"rendered":"<p><img decoding=\"async\" src=\"https:\/\/diariod3.com\/wp-content\/uploads\/2024\/01\/hospital-general-dra-julieta-lanterijpg.png\"\/><\/p>\n<p>Psic\u00f3logos, psiquiatras y pacientes de San Juan unen fuerzas para oponerse a las propuestas de modificaci\u00f3n de la ley de salud mental presentadas por el gobierno de Javier Milei.<\/p>\n<p>La Ley de Salud Mental, aprobada en 2010, ha sido objeto de controversia, siendo criticada por algunos por limitar las internaciones involuntarias, mientras que sus defensores sostienen que garantiza un trato humano y una mejor recuperaci\u00f3n para los pacientes. El Colegio de Psic\u00f3logos, a trav\u00e9s de un comunicado, rechaza las reformas propuestas por considerarlas \u00abpreocupantes\u00bb al alejarse del esp\u00edritu de la ley actual.<\/p>\n<p>Entre los puntos de discordia se destaca la posibilidad de que un juez o abogado defensor pueda sobreponerse a la opini\u00f3n del equipo t\u00e9cnico de salud en cuanto a la internaci\u00f3n de un paciente. Adem\u00e1s, los profesionales expresan su preocupaci\u00f3n por la eliminaci\u00f3n de las protecciones laborales establecidas en la ley actual.<\/p>\n<p>Laura Tamarit, exdirectora del Hospital Julieta Lanteri y psiquiatra, sostiene que la ley actual ha tenido un impacto positivo en la provincia y defiende la implementaci\u00f3n de alternativas a las internaciones tradicionales, como las viviendas sociales. Afirm\u00f3 que la normativa vigente permite internaciones involuntarias cuando son necesarias y acusa que los cambios propuestos aumentar\u00edan la discrecionalidad judicial y podr\u00edan saturar el sistema.<\/p>\n<p>Los profesionales abogan por la implementaci\u00f3n total de la ley actual, se\u00f1alando que los problemas surgidos hasta ahora se deben a la falta de aplicaci\u00f3n de lo votado en 2010. Los diputados nacionales locales recibieron el petitorio del Colegio de Psic\u00f3logos y se comprometieron a llevar estos reclamos a las comisiones del Congreso encargadas de discutir las reformas propuestas.<\/p>\n<p>Op: Juan Llarena<\/p>\n","protected":false},"excerpt":{"rendered":"<p>Psic\u00f3logos, psiquiatras y pacientes de San Juan unen fuerzas para oponerse a las propuestas de modificaci\u00f3n de la ley de salud mental presentadas por el gobierno de Javier Milei.<br \/>\n La Ley de Salud Mental, aprobada en 2010, ha sido objeto de controversia, siendo criticada por algunos por limitar las internaciones involuntarias, mientras que sus defensores sostienen que garantiza un trato humano y una mejor recuperaci\u00f3n para los pacientes. El Colegio de Psic\u00f3logos, a trav\u00e9s de un comunicado, rechaza las reformas propuestas por considerarlas \u00abpreocupantes\u00bb al alejarse del esp\u00edritu de la ley actual.<br \/>\n Entre los puntos de discordia se destaca la posibilidad de que un juez o abogado defensor pueda sobreponerse a la opini\u00f3n del equipo t\u00e9cnico de salud en cuanto a la internaci\u00f3n de un paciente. Adem\u00e1s, los profesionales expresan su preocupaci\u00f3n por la eliminaci\u00f3n de las protecciones laborales establecidas en la ley actual.<br \/>\n Laura Tamarit, exdirectora del Hospital Julieta Lanteri y psiquiatra, so..<\/p>\n","protected":false},"author":2,"featured_media":16546,"comment_status":"","ping_status":"","sticky":false,"template":"","format":"standard","meta":{"footnotes":""},"categories":[8],"tags":[],"_links":{"self":[{"href":"https:\/\/maxradio923.com.ar\/index.php\/wp-json\/wp\/v2\/posts\/16545"}],"collection":[{"href":"https:\/\/maxradio923.com.ar\/index.php\/wp-json\/wp\/v2\/posts"}],"about":[{"href":"https:\/\/maxradio923.com.ar\/index.php\/wp-json\/wp\/v2\/types\/post"}],"author":[{"embeddable":true,"href":"https:\/\/maxradio923.com.ar\/index.php\/wp-json\/wp\/v2\/users\/2"}],"replies":[{"embeddable":true,"href":"https:\/\/maxradio923.com.ar\/index.php\/wp-json\/wp\/v2\/comments?post=16545"}],"version-history":[{"count":0,"href":"https:\/\/maxradio923.com.ar\/index.php\/wp-json\/wp\/v2\/posts\/16545\/revisions"}],"wp:featuredmedia":[{"embeddable":true,"href":"https:\/\/maxradio923.com.ar\/index.php\/wp-json\/wp\/v2\/media\/16546"}],"wp:attachment":[{"href":"https:\/\/maxradio923.com.ar\/index.php\/wp-json\/wp\/v2\/media?parent=16545"}],"wp:term":[{"taxonomy":"category","embeddable":true,"href":"https:\/\/maxradio923.com.ar\/index.php\/wp-json\/wp\/v2\/categories?post=16545"},{"taxonomy":"post_tag","embeddable":true,"href":"https:\/\/maxradio923.com.ar\/index.php\/wp-json\/wp\/v2\/tags?post=16545"}],"curies":[{"name":"wp","href":"https:\/\/api.w.org\/{rel}","templated":true}]}}