{"id":16539,"date":"2024-01-18T10:35:22","date_gmt":"2024-01-18T13:35:22","guid":{"rendered":"https:\/\/maxradio923.com.ar\/index.php\/2024\/01\/18\/a-nueve-anos-de-la-muerte-de-nisman-su-hija-iara-habla-por-primera-vez\/"},"modified":"2024-01-18T10:42:38","modified_gmt":"2024-01-18T13:42:38","slug":"a-nueve-anos-de-la-muerte-de-nisman-su-hija-iara-habla-por-primera-vez","status":"publish","type":"post","link":"https:\/\/maxradio923.com.ar\/index.php\/2024\/01\/18\/a-nueve-anos-de-la-muerte-de-nisman-su-hija-iara-habla-por-primera-vez\/","title":{"rendered":"A nueve a\u00f1os de la muerte de Nisman, su hija Iara habla por primera vez"},"content":{"rendered":"<p><img decoding=\"async\" src=\"https:\/\/diariod3.com\/wp-content\/uploads\/2024\/01\/jp5k_uk8u_720x0__1.jpg_1536916664.png\"\/><\/p>\n<p>Es firme en su tono de voz. Determinada. No le pesa el apellido Nisman, todo lo contrario. Reivindica el rol de su madre -la jueza federal Sandra Arroyo Salgado- durante estos a\u00f1os en los que, cada 18 de enero, rememora el d\u00eda que le informaron que su padre, Alberto Nisman, estaba muerto. \u201cDesde ese momento nunca dud\u00e9 de que se trat\u00f3 de un magnicidio\u201d, dice Iara Nisman, la mayor de las hijas del fallecido fiscal que habla por primera vez y en di\u00e1logo con Clar\u00edn cuenta en primera persona c\u00f3mo transit\u00f3 estos nueve a\u00f1os, las amenazas que sufri\u00f3 y lo lejos que ve la posibilidad de que se encuentren a los responsables del crimen que represent\u00f3 en su vida \u201cun antes y un despu\u00e9s\u201d.<\/p>\n<p>Con 24 a\u00f1os, Iara est\u00e1 a un paso de convertirse en arquitecta. Su apellido, apenas ingres\u00f3 en la universidad, reson\u00f3 en el listado de alumnos. Hab\u00edan pasado tan s\u00f3lo tres a\u00f1os desde que recibi\u00f3 la noticia m\u00e1s dif\u00edcil que le toc\u00f3 afrontar: el crimen de su padre. Le llev\u00f3 muchos a\u00f1os realizar el duelo de esa p\u00e9rdida. Cuando habla, se toma el tiempo para elaborar cada respuesta y son contundentes. La firmeza de su car\u00e1cter es visible. Ella dice que es as\u00ed por c\u00f3mo fueron sus padres con ella: directos y frontales.<\/p>\n<p>Recuerda que a\u00fan siendo chica les formulaba todo tipo de preguntas sobre sus trabajos. Alberto Nisman era fiscal de la UFI AMIA y ten\u00eda a su cargo la investigaci\u00f3n sobre el mayor atentado terrorista que vivi\u00f3 nuestro pa\u00eds. Su madre es jueza federal, con casos complejos vinculados a las drogas, el espionaje ilegal y la pol\u00edtica.<\/p>\n<p>No le incomoda hablar sobre el asesinato que conmovi\u00f3 a un pa\u00eds entero, del que se habl\u00f3 en el mundo y que cambi\u00f3 su vida para siempre. Elige recordar a su pap\u00e1 con una sonrisa. \u201cDe los momentos felices que pasamos juntos. As\u00ed nos gusta recordarte\u201d, dice.<\/p>\n<p>-\u00bfQu\u00e9 significa cada 18 de enero tanto en lo personal como en lo familiar?<\/p>\n<p>La fecha siempre tiene un peso. En lo personal, con el pasar de los a\u00f1os, la pude ir resignificando. Si bien es un d\u00eda muy doloroso, y nunca lo va a dejar de ser, hoy elijo recordar a mi pap\u00e1 con una sonrisa, los lindos momentos compartidos y el valor de su trabajo. Cada fecha significativa, ya sea tambi\u00e9n su cumplea\u00f1os o el d\u00eda del padre, lo vivo como una forma de homenajearlo y recordarlo.<\/p>\n<p>-\u00bfNunca dudaste de que lo que ocurri\u00f3 con tu pap\u00e1 fue un homicidio?<\/p>\n<p>Jam\u00e1s. Desde el momento que nos informaron de su muerte y de que hab\u00eda un arma en el lugar, adem\u00e1s de conocerlo y saber c\u00f3mo era \u00e9l, siempre supe que se trat\u00f3 de un magnicidio lo que pas\u00f3 con mi pap\u00e1.<\/p>\n<p>-\u00bfConfi\u00e1s en la Justicia de nuestro pa\u00eds?<\/p>\n<p>Si bien s\u00e9 que hay jueces y fiscales comprometidos con la b\u00fasqueda de la verdad y la justicia, en la causa en la que se investiga el magnicidio de mi pap\u00e1, no tengo grandes expectativas. El tiempo transcurrido, la forma en que actuaron los investigadores en el comienzo y los intereses pol\u00edticos detr\u00e1s, me hacen pensar que dif\u00edcilmente se pueda llegar a demostrar qui\u00e9nes fueron los responsables del asesinato que ya se encuentra probado en el expediente gracias al esfuerzo de algunos jueces, fiscales, abogados y peritos que intervinieron.<\/p>\n<p>Fuente: Diario de Cuyo<\/p>\n<p>Op: Rivero Cecilia<\/p>\n","protected":false},"excerpt":{"rendered":"<p>Es firme en su tono de voz. Determinada. No le pesa el apellido Nisman, todo lo contrario. Reivindica el rol de su madre -la jueza federal Sandra Arroyo Salgado- durante estos a\u00f1os en los que, cada 18 de enero, rememora el d\u00eda que le informaron que su padre, Alberto Nisman, estaba muerto. \u201cDesde ese momento nunca dud\u00e9 de que se trat\u00f3 de un magnicidio\u201d, dice Iara Nisman, la mayor de las hijas del fallecido fiscal que habla por primera vez y en di\u00e1logo con Clar\u00edn cuenta en primera persona c\u00f3mo transit\u00f3 estos nueve a\u00f1os, las amenazas que sufri\u00f3 y lo lejos que ve la posibilidad de que se encuentren a los responsables del crimen que represent\u00f3 en su vida \u201cun antes y un despu\u00e9s\u201d.<\/p>\n<p>Con 24 a\u00f1os, Iara est\u00e1 a un paso de convertirse en arquitecta. Su apellido, apenas ingres\u00f3 en la universidad, reson\u00f3 en el listado de alumnos. Hab\u00edan pasado tan s\u00f3lo tres a\u00f1os desde que recibi\u00f3 la noticia m\u00e1s dif\u00edcil que le toc\u00f3 afrontar: el crimen de su padre. Le llev\u00f3 muchos a\u00f1os realizar el duelo de esa p\u00e9rdida&#8230;<\/p>\n","protected":false},"author":2,"featured_media":16580,"comment_status":"closed","ping_status":"","sticky":false,"template":"","format":"standard","meta":{"footnotes":""},"categories":[12],"tags":[],"_links":{"self":[{"href":"https:\/\/maxradio923.com.ar\/index.php\/wp-json\/wp\/v2\/posts\/16539"}],"collection":[{"href":"https:\/\/maxradio923.com.ar\/index.php\/wp-json\/wp\/v2\/posts"}],"about":[{"href":"https:\/\/maxradio923.com.ar\/index.php\/wp-json\/wp\/v2\/types\/post"}],"author":[{"embeddable":true,"href":"https:\/\/maxradio923.com.ar\/index.php\/wp-json\/wp\/v2\/users\/2"}],"replies":[{"embeddable":true,"href":"https:\/\/maxradio923.com.ar\/index.php\/wp-json\/wp\/v2\/comments?post=16539"}],"version-history":[{"count":1,"href":"https:\/\/maxradio923.com.ar\/index.php\/wp-json\/wp\/v2\/posts\/16539\/revisions"}],"predecessor-version":[{"id":16579,"href":"https:\/\/maxradio923.com.ar\/index.php\/wp-json\/wp\/v2\/posts\/16539\/revisions\/16579"}],"wp:featuredmedia":[{"embeddable":true,"href":"https:\/\/maxradio923.com.ar\/index.php\/wp-json\/wp\/v2\/media\/16580"}],"wp:attachment":[{"href":"https:\/\/maxradio923.com.ar\/index.php\/wp-json\/wp\/v2\/media?parent=16539"}],"wp:term":[{"taxonomy":"category","embeddable":true,"href":"https:\/\/maxradio923.com.ar\/index.php\/wp-json\/wp\/v2\/categories?post=16539"},{"taxonomy":"post_tag","embeddable":true,"href":"https:\/\/maxradio923.com.ar\/index.php\/wp-json\/wp\/v2\/tags?post=16539"}],"curies":[{"name":"wp","href":"https:\/\/api.w.org\/{rel}","templated":true}]}}