{"id":16525,"date":"2024-01-18T10:32:43","date_gmt":"2024-01-18T13:32:43","guid":{"rendered":"https:\/\/maxradio923.com.ar\/index.php\/2024\/01\/18\/en-espana-el-independentismo-catalan-asfixia-a-pedro-sanchez-referendum-de-autodeterminacion-o-colorin-colorado\/"},"modified":"2024-01-18T10:32:43","modified_gmt":"2024-01-18T13:32:43","slug":"en-espana-el-independentismo-catalan-asfixia-a-pedro-sanchez-referendum-de-autodeterminacion-o-colorin-colorado","status":"publish","type":"post","link":"https:\/\/maxradio923.com.ar\/index.php\/2024\/01\/18\/en-espana-el-independentismo-catalan-asfixia-a-pedro-sanchez-referendum-de-autodeterminacion-o-colorin-colorado\/","title":{"rendered":"En Espa\u00f1a, el independentismo catal\u00e1n asfixia a Pedro S\u00e1nchez: refer\u00e9ndum de autodeterminaci\u00f3n o &#8220;color\u00edn colorado&#8221;"},"content":{"rendered":"<p><img decoding=\"async\" alt=\"Pedro S\u00e1nchez, durante si intervenci\u00f3n en  Davos. Foto: EFE\" src=\"https:\/\/www.clarin.com\/img\/2024\/01\/17\/CBSjzZgsx_720x0__1.jpg\"\/>Pedro S\u00e1nchez, durante si intervenci\u00f3n en  Davos. Foto: EFE<img decoding=\"async\" alt=\"Un cartel parodia las cesiones que Pedro S\u00e1nchez hizo al ex presidente catal\u00e1n, Carles Puigdemont. Foto: C\u00e9zaro De Luca\" src=\"https:\/\/www.clarin.com\/img\/2023\/11\/12\/J84rvKCmt_720x0__1.jpg\"\/>Un cartel parodia las cesiones que Pedro S\u00e1nchez hizo al ex presidente catal\u00e1n, Carles Puigdemont. Foto: C\u00e9zaro De Luca<img decoding=\"async\" alt=\" \u201cQueremos que nos digan c\u00f3mo va a ser ese posible refer\u00e9ndum, en qu\u00e9 consiste el color\u00edn colorado&quot;, reclama N\u00fa\u00f1ez Feij\u00f3o. Foto: EFE\" src=\"https:\/\/www.clarin.com\/img\/2023\/11\/15\/a6V1DpbSs_720x0__1.jpg\"\/> \u201cQueremos que nos digan c\u00f3mo va a ser ese posible refer\u00e9ndum, en qu\u00e9 consiste el color\u00edn colorado&quot;, reclama N\u00fa\u00f1ez Feij\u00f3o. Foto: EFE<\/p>\n","protected":false},"excerpt":{"rendered":"<p>Pedro S\u00e1nchez, durante si intervenci\u00f3n en Davos. Foto: EFEUn cartel parodia las cesiones que Pedro S\u00e1nchez hizo al ex presidente catal\u00e1n, Carles Puigdemont. Foto: C\u00e9zaro De Luca \u201cQueremos que nos digan c\u00f3mo va a ser ese posible refer\u00e9ndum, en qu\u00e9 consiste el color\u00edn colorado&#8221;, reclama N\u00fa\u00f1ez Feij\u00f3o. Foto: EFE<\/p>\n","protected":false},"author":2,"featured_media":16526,"comment_status":"","ping_status":"","sticky":false,"template":"","format":"standard","meta":{"footnotes":""},"categories":[3],"tags":[],"_links":{"self":[{"href":"https:\/\/maxradio923.com.ar\/index.php\/wp-json\/wp\/v2\/posts\/16525"}],"collection":[{"href":"https:\/\/maxradio923.com.ar\/index.php\/wp-json\/wp\/v2\/posts"}],"about":[{"href":"https:\/\/maxradio923.com.ar\/index.php\/wp-json\/wp\/v2\/types\/post"}],"author":[{"embeddable":true,"href":"https:\/\/maxradio923.com.ar\/index.php\/wp-json\/wp\/v2\/users\/2"}],"replies":[{"embeddable":true,"href":"https:\/\/maxradio923.com.ar\/index.php\/wp-json\/wp\/v2\/comments?post=16525"}],"version-history":[{"count":0,"href":"https:\/\/maxradio923.com.ar\/index.php\/wp-json\/wp\/v2\/posts\/16525\/revisions"}],"wp:featuredmedia":[{"embeddable":true,"href":"https:\/\/maxradio923.com.ar\/index.php\/wp-json\/wp\/v2\/media\/16526"}],"wp:attachment":[{"href":"https:\/\/maxradio923.com.ar\/index.php\/wp-json\/wp\/v2\/media?parent=16525"}],"wp:term":[{"taxonomy":"category","embeddable":true,"href":"https:\/\/maxradio923.com.ar\/index.php\/wp-json\/wp\/v2\/categories?post=16525"},{"taxonomy":"post_tag","embeddable":true,"href":"https:\/\/maxradio923.com.ar\/index.php\/wp-json\/wp\/v2\/tags?post=16525"}],"curies":[{"name":"wp","href":"https:\/\/api.w.org\/{rel}","templated":true}]}}