{"id":16495,"date":"2024-01-17T09:58:02","date_gmt":"2024-01-17T12:58:02","guid":{"rendered":"https:\/\/maxradio923.com.ar\/index.php\/2024\/01\/17\/diputado-jorge-chica-encabeza-importante-reunion-en-defensa-de-la-ley-de-salud-mental\/"},"modified":"2024-01-17T09:58:02","modified_gmt":"2024-01-17T12:58:02","slug":"diputado-jorge-chica-encabeza-importante-reunion-en-defensa-de-la-ley-de-salud-mental","status":"publish","type":"post","link":"https:\/\/maxradio923.com.ar\/index.php\/2024\/01\/17\/diputado-jorge-chica-encabeza-importante-reunion-en-defensa-de-la-ley-de-salud-mental\/","title":{"rendered":"Diputado Jorge Chica Encabeza importante reuni\u00f3n en Defensa de la Ley de Salud Mental"},"content":{"rendered":"<p><img decoding=\"async\" src=\"https:\/\/diariod3.com\/wp-content\/uploads\/2024\/01\/420131178_18398170075064385_746885019294787475_n-1.jpg\"\/>             <\/p>\n<p>En una iniciativa destacada, el diputado nacional Jorge Chica lider\u00f3 una cumbre esta ma\u00f1ana con profesionales y representantes del \u00e1mbito de la salud mental, con el prop\u00f3sito de discutir la importancia de la plena implementaci\u00f3n de la Ley 26.657 sobre Salud Mental en el pa\u00eds.<\/p>\n<p><img decoding=\"async\" src=\"https:\/\/diariod3.com\/wp-content\/uploads\/2024\/01\/419714977_18398170099064385_1560494633600169896_n.webp\"\/>  <img decoding=\"async\" src=\"https:\/\/diariod3.com\/wp-content\/uploads\/2024\/01\/420189803_18398170102064385_2831556454871833921_n.webp\"\/><\/p>\n<p>En la reuni\u00f3n participaron psic\u00f3logos\/as, psiquiatras, enfermeros, acompa\u00f1antes terap\u00e9uticos, usuarios del sistema de salud mental, familiares y representantes de organismos de derechos humanos. Todos ellos compartieron sus experiencias y perspectivas sobre la relevancia de garantizar la libertad y los derechos de las personas que padecen trastornos mentales, resaltando la preocupaci\u00f3n por posibles retrocesos que limiten su inclusi\u00f3n en el sistema de salud general.<\/p>\n<p>Durante el encuentro, se enfatiz\u00f3 en los avances logrados en materia de inclusi\u00f3n y se expres\u00f3 la inquietud ante posibles modificaciones que pudieran implicar la p\u00e9rdida de derechos fundamentales.<\/p>\n<p>El diputado Chica asegur\u00f3 su compromiso de seguir dialogando con diferentes sectores, escuchando las opiniones de la sociedad respecto a las normas en debate. Subray\u00f3 la importancia del di\u00e1logo como medio esencial para alcanzar consensos necesarios en el pa\u00eds.<\/p>\n<p>Tanto el diputado como los representantes del sector de la salud mental coincidieron en la necesidad de no retroceder en los avances alcanzados y en garantizar una atenci\u00f3n integral e inclusiva para todas las personas que padecen alg\u00fan tipo de trastorno mental. La defensa de la Ley de Salud Mental se posiciona como una prioridad en la agenda del diputado y de aquellos que abogan por los derechos y la dignidad de quienes enfrentan desaf\u00edos en el \u00e1mbito de la salud mental.<\/p>\n","protected":false},"excerpt":{"rendered":"<p>En una iniciativa destacada, el diputado nacional Jorge Chica lider\u00f3 una cumbre esta ma\u00f1ana con profesionales y representantes del \u00e1mbito de la salud mental, con el prop\u00f3sito de discutir la importancia de la plena implementaci\u00f3n de la Ley 26.657 sobre Salud Mental en el pa\u00eds.<\/p>\n<p> En la reuni\u00f3n participaron psic\u00f3logos\/as, psiquiatras, enfermeros, acompa\u00f1antes terap\u00e9uticos, usuarios del sistema de salud mental, familiares y representantes de organismos de derechos humanos. Todos ellos compartieron sus experiencias y perspectivas sobre la relevancia de garantizar la libertad y los derechos de las personas que padecen trastornos mentales, resaltando la preocupaci\u00f3n por posibles retrocesos que limiten su inclusi\u00f3n en el sistema de salud general.<br \/>\n Durante el encuentro, se enfatiz\u00f3 en los avances logrados en materia de inclusi\u00f3n y se expres\u00f3 la inquietud ante posibles modificaciones que pudieran implicar la p\u00e9rdida de derechos fundamentales.<br \/>\n El diputado Chica asegur\u00f3 su compromiso de seguir di..<\/p>\n","protected":false},"author":2,"featured_media":16496,"comment_status":"","ping_status":"","sticky":false,"template":"","format":"standard","meta":{"footnotes":""},"categories":[8],"tags":[],"_links":{"self":[{"href":"https:\/\/maxradio923.com.ar\/index.php\/wp-json\/wp\/v2\/posts\/16495"}],"collection":[{"href":"https:\/\/maxradio923.com.ar\/index.php\/wp-json\/wp\/v2\/posts"}],"about":[{"href":"https:\/\/maxradio923.com.ar\/index.php\/wp-json\/wp\/v2\/types\/post"}],"author":[{"embeddable":true,"href":"https:\/\/maxradio923.com.ar\/index.php\/wp-json\/wp\/v2\/users\/2"}],"replies":[{"embeddable":true,"href":"https:\/\/maxradio923.com.ar\/index.php\/wp-json\/wp\/v2\/comments?post=16495"}],"version-history":[{"count":0,"href":"https:\/\/maxradio923.com.ar\/index.php\/wp-json\/wp\/v2\/posts\/16495\/revisions"}],"wp:featuredmedia":[{"embeddable":true,"href":"https:\/\/maxradio923.com.ar\/index.php\/wp-json\/wp\/v2\/media\/16496"}],"wp:attachment":[{"href":"https:\/\/maxradio923.com.ar\/index.php\/wp-json\/wp\/v2\/media?parent=16495"}],"wp:term":[{"taxonomy":"category","embeddable":true,"href":"https:\/\/maxradio923.com.ar\/index.php\/wp-json\/wp\/v2\/categories?post=16495"},{"taxonomy":"post_tag","embeddable":true,"href":"https:\/\/maxradio923.com.ar\/index.php\/wp-json\/wp\/v2\/tags?post=16495"}],"curies":[{"name":"wp","href":"https:\/\/api.w.org\/{rel}","templated":true}]}}