{"id":16493,"date":"2024-01-17T09:57:40","date_gmt":"2024-01-17T12:57:40","guid":{"rendered":"https:\/\/maxradio923.com.ar\/index.php\/2024\/01\/17\/los-gobernadores-del-pj-buscan-fijar-una-posicion-comun-ante-el-debate-de-la-ley-bases\/"},"modified":"2024-01-17T09:57:40","modified_gmt":"2024-01-17T12:57:40","slug":"los-gobernadores-del-pj-buscan-fijar-una-posicion-comun-ante-el-debate-de-la-ley-bases","status":"publish","type":"post","link":"https:\/\/maxradio923.com.ar\/index.php\/2024\/01\/17\/los-gobernadores-del-pj-buscan-fijar-una-posicion-comun-ante-el-debate-de-la-ley-bases\/","title":{"rendered":"Los gobernadores del PJ buscan fijar una posici\u00f3n com\u00fan ante el debate de la ley \u00abBases\u00bb"},"content":{"rendered":"<p><img decoding=\"async\" src=\"https:\/\/diariod3.com\/wp-content\/uploads\/2024\/01\/liga-gobernadores-del-pj-el-cfi-pidieron-lista-unidad-el-frente-todos-foto-cfijpeg.png\"\/><\/p>\n<p><strong>Los gobernadores del PJ eval\u00faan reunirse el jueves pr\u00f3ximo con legisladores de Uni\u00f3n por la Patria (UxP) y diversos gremios para fijar una posici\u00f3n com\u00fan<\/strong> ante el debate parlamentario por la ley \u00abBases\u00bb y el DNU de desregulaci\u00f3n econ\u00f3mica, adem\u00e1s de analizar la posibilidad de participar del paro con movilizaci\u00f3n que la CGT realizar\u00e1 el 24 de enero en rechazo a las iniciativas del Gobierno.<\/p>\n<p>As\u00ed lo indicaron a T\u00e9lam fuentes cercanas a los gobernadores peronistas, que se\u00f1alaron que <strong>el encuentro estaba siendo organizado entre los distintos sectores de UxP.<\/strong><\/p>\n<p>La cita, para la que todav\u00eda no se defini\u00f3 un lugar, <strong>congregar\u00eda a la Liga de Gobernadores Peronistas, senadores, diputados, gremios e intendentes, a\u00f1adieron las fuentes.<\/strong><\/p>\n<p><strong>Uno de los impulsores de esta propuesta fue el gobernador bonaerense, Axel Kicillof,<\/strong> quien el lunes \u00faltimo se reuni\u00f3 con diputados de UxP en el Congreso para exponer sobre el impacto de la ley \u00f3mnibus en distintos sectores de la econom\u00eda.<\/p>\n<p><strong>\u00abEn Diputados se habl\u00f3 de armar una reuni\u00f3n con gobernadores y distintos sectores para ver las instancias del debate en el Congreso por la ley \u00f3mnibus y el DNU\u00bb,<\/strong> se\u00f1alaron a esta agencia fuentes al tanto de las negociaciones, que apuntaron que la fecha del encuentro ser\u00eda el jueves, \u00abdependiendo de la disponibilidad de los distintos sectores\u00bb.<\/p>\n<p>Adem\u00e1s, los representantes de UxP analizar\u00e1n en ese mitin la posibilidad de participar de la movilizaci\u00f3n que la CGT realizar\u00e1 el 24 de enero como parte del paro general convocado contra la reforma laboral incluida en el DNU dictado por el Gobierno de Javier Milei.<\/p>\n<blockquote>\n<p>\u00abLos gobernadores del PJ eval\u00faan reunirse el jueves pr\u00f3ximo con legisladores de Uni\u00f3n por la Patria (UxP) y diversos gremios para fijar una posici\u00f3n com\u00fan ante el debate parlamentario por la ley \u00abBases\u00bb y el DNU de desregulaci\u00f3n econ\u00f3mica, adem\u00e1s de analizar la posibilidad de participar del paro con movilizaci\u00f3n que la CGT realizar\u00e1 el 24 de enero en rechazo a las iniciativas del Gobierno\u00bb<\/p>\n<\/blockquote>\n<p>.<\/p>\n<p>Adem\u00e1s de Kicillof, <strong>la Liga de Gobernadores Peronistas est\u00e1 integrada por Sergio Ziliotto (La Pampa); Gustavo Melella (Tierra del Fuego); Ricardo Quintela (La Rioja); Ra\u00fal Jalil (Catamarca); Gildo Insfr\u00e1n (Formosa); Gerardo Zamora (Santiago del Estero), Gustavo S\u00e1enz (Salta) y Osvaldo Jaldo (Tucum\u00e1n), m\u00e1s all\u00e1 de que algunos de ellos hayan iniciado sus carreras pol\u00edticas en otros espacios, como Zamora y Melella.<\/strong><\/p>\n<p>La \u00faltima reuni\u00f3n de los gobernadores del PJ <strong>hab\u00eda sido a fines de noviembre del a\u00f1o pasado,<\/strong> cuando los mandatarios se dieron cita en la sede porte\u00f1a del Banco Provincia, con Kicillof como anfitri\u00f3n.<\/p>\n<p>En esa oportunidad recibieron al por entonces designado ministro del Interior, Guillermo Francos, para efectuar reclamos en materia de coparticipaci\u00f3n y obra p\u00fablica.<\/p>\n<p>Fuente: T\u00e9lam<br \/>\nOp: Rivero Cecilia<\/p>\n","protected":false},"excerpt":{"rendered":"<p>Los gobernadores del PJ eval\u00faan reunirse el jueves pr\u00f3ximo con legisladores de Uni\u00f3n por la Patria (UxP) y diversos gremios para fijar una posici\u00f3n com\u00fan ante el debate parlamentario por la ley \u00abBases\u00bb y el DNU de desregulaci\u00f3n econ\u00f3mica, adem\u00e1s de analizar la posibilidad de participar del paro con movilizaci\u00f3n que la CGT realizar\u00e1 el 24 de enero en rechazo a las iniciativas del Gobierno.<br \/>\nAs\u00ed lo indicaron a T\u00e9lam fuentes cercanas a los gobernadores peronistas, que se\u00f1alaron que el encuentro estaba siendo organizado entre los distintos sectores de UxP.<\/p>\n<p>La cita, para la que todav\u00eda no se defini\u00f3 un lugar, congregar\u00eda a la Liga de Gobernadores Peronistas, senadores, diputados, gremios e intendentes, a\u00f1adieron las fuentes.<\/p>\n<p>Uno de los impulsores de esta propuesta fue el gobernador bonaerense, Axel Kicillof, quien el lunes \u00faltimo se reuni\u00f3 con diputados de UxP en el Congreso para exponer sobre el impacto de la ley \u00f3mnibus en distintos sectores de la econom\u00eda.<\/p>\n<p>\u00abEn Diputados se habl\u00f3 de arm..<\/p>\n","protected":false},"author":2,"featured_media":16494,"comment_status":"","ping_status":"","sticky":false,"template":"","format":"standard","meta":{"footnotes":""},"categories":[12],"tags":[],"_links":{"self":[{"href":"https:\/\/maxradio923.com.ar\/index.php\/wp-json\/wp\/v2\/posts\/16493"}],"collection":[{"href":"https:\/\/maxradio923.com.ar\/index.php\/wp-json\/wp\/v2\/posts"}],"about":[{"href":"https:\/\/maxradio923.com.ar\/index.php\/wp-json\/wp\/v2\/types\/post"}],"author":[{"embeddable":true,"href":"https:\/\/maxradio923.com.ar\/index.php\/wp-json\/wp\/v2\/users\/2"}],"replies":[{"embeddable":true,"href":"https:\/\/maxradio923.com.ar\/index.php\/wp-json\/wp\/v2\/comments?post=16493"}],"version-history":[{"count":0,"href":"https:\/\/maxradio923.com.ar\/index.php\/wp-json\/wp\/v2\/posts\/16493\/revisions"}],"wp:featuredmedia":[{"embeddable":true,"href":"https:\/\/maxradio923.com.ar\/index.php\/wp-json\/wp\/v2\/media\/16494"}],"wp:attachment":[{"href":"https:\/\/maxradio923.com.ar\/index.php\/wp-json\/wp\/v2\/media?parent=16493"}],"wp:term":[{"taxonomy":"category","embeddable":true,"href":"https:\/\/maxradio923.com.ar\/index.php\/wp-json\/wp\/v2\/categories?post=16493"},{"taxonomy":"post_tag","embeddable":true,"href":"https:\/\/maxradio923.com.ar\/index.php\/wp-json\/wp\/v2\/tags?post=16493"}],"curies":[{"name":"wp","href":"https:\/\/api.w.org\/{rel}","templated":true}]}}