{"id":16491,"date":"2024-01-17T09:57:34","date_gmt":"2024-01-17T12:57:34","guid":{"rendered":"https:\/\/maxradio923.com.ar\/index.php\/2024\/01\/17\/continua-el-debate-en-comisiones-de-diputados-por-la-ley-bases\/"},"modified":"2024-01-17T09:57:34","modified_gmt":"2024-01-17T12:57:34","slug":"continua-el-debate-en-comisiones-de-diputados-por-la-ley-bases","status":"publish","type":"post","link":"https:\/\/maxradio923.com.ar\/index.php\/2024\/01\/17\/continua-el-debate-en-comisiones-de-diputados-por-la-ley-bases\/","title":{"rendered":"Contin\u00faa el debate en comisiones de Diputados por la ley \u00abBases\u00bb"},"content":{"rendered":"<p><img decoding=\"async\" src=\"https:\/\/diariod3.com\/wp-content\/uploads\/2024\/01\/65a6e24caf007.01.2024-foto-pablo-aneli_1200.jpg\"\/><\/p>\n<p>El plenario de comisiones de la C\u00e1mara de Diputados realizar\u00e1 este mi\u00e9rcoles una nueva jornada de debate del proyecto de ley de \u00abBases y Puntos de Partida para la Libertad de los Argentinos\u00bb, impulsado por el Poder Ejecutivo, en lo que ser\u00e1 el sexto encuentro, luego de que el martes debatieron la norma organizaciones no gubernamentales, organismos de Derechos Humanos, entidades empresarias y sectores de la sociedad civil.<\/p>\n<p>El encuentro de este mi\u00e9rcoles est\u00e1 previsto para las 10, luego de que el martes las deliberaciones se extendieron por nueve horas en las que expusieron la presidenta de Abuelas de Plaza de Mayo, Estela Carlotto; la titular de la Defensor\u00eda de los Derechos de Ni\u00f1os y Adolescentes, Marisa Graham; la funcionaria del Inadi Julia Amori, referentes de la Uni\u00f3n de Industrial Argentina y la Fundaci\u00f3n Huesped, la jurista Aida Kemelmajer, y el padre de Micaela, quien inspir\u00f3 la Ley Micaela contra la violencia de g\u00e9nero, entre otros.<\/p>\n<p>Adem\u00e1s hablaron el titular de la Federaci\u00f3n de Inquilinos, Gervasio Mu\u00f1oz; referentes de la Organizaci\u00f3n Mundial de Zonas Francas, la Federaci\u00f3n Argentina de Productores de Tabacaleras, la Asociaci\u00f3n Civil La Madre Marcha, Barbechando, la Asociaci\u00f3n Latinoamericana de Abogados Laboralistas, Argentores, despachantes de Aduana, Padres Organizados, representantes de jubilados y la C\u00e1mara de la Industria del Petr\u00f3leo.<\/p>\n<p>En el \u00faltimo tramo de la reuni\u00f3n, <strong>Carlotto <\/strong>pidi\u00f3 a los legisladores que rechacen el proyecto de ley \u00abBases\u00bb propiciada por el oficialismo y afirm\u00f3 que <strong>\u00abes inaceptable que el Poder Ejecutivo pueda modificar una cantidad in\u00e9dita de normas que afectan derechos esenciales\u00bb<\/strong>.<\/p>\n<p>Por su parte, <strong>Kemelmajer<\/strong>, quien disert\u00f3 en representaci\u00f3n de un centenar de <strong>profesores universitarios<\/strong>, pidi\u00f3<strong> eliminar del proyecto los art\u00edculos que modifican el C\u00f3digo Civil y Comercial<\/strong>, y tratar esas reformas durante el per\u00edodo ordinario.<\/p>\n<p>\u00abLas reformas propuestas al C\u00f3digo no tienen ninguna relaci\u00f3n con el d\u00e9ficit del Estado ni con la inflaci\u00f3n, ni con la econom\u00eda desregulada, ni con lo que el pueblo vot\u00f3, a quien nunca se le dijo que el C\u00f3digo se iba a reformar\u00bb, agreg\u00f3.<\/p>\n<p>Por su parte, la <strong>Uni\u00f3n Industrial Argentina pidi\u00f3 en la C\u00e1mara de Diputados<\/strong> que se reduzcan las al\u00edcuotas de los derechos de exportaci\u00f3n del 15 por ciento previstas en el proyecto de Ley \u00d3mnibus -denominado ley de Bases y Principios para la Libertad de los Argentinos-, de manera que las tasas no superen el 8 por ciento para potenciar el trabajo de las f\u00e1bricas exportadoras.<\/p>\n<p>En tanto, desde la <strong>Federaci\u00f3n de Inquilinos<\/strong>, su presidente <strong>Gervasio Mu\u00f1oz<\/strong>, quien se arroga la representaci\u00f3n de las personas que alquilan viviendas, le pidi\u00f3 a los legisladores que rechacen el DNU \u00abpara que vuelva a tener vigencia la Ley de Alquileres\u00bb.<\/p>\n<p>En tanto, Graham expres\u00f3 su preocupaci\u00f3n por \u00abla reforma al art\u00edculo 194 y la creaci\u00f3n de un 194 bis\u00bb.<\/p>\n<p>\u00abEsa propuesta extiende la respuesta del sistema penal a situaciones donde ni\u00f1os y adolescentes por el solo hecho de ejercer su derecho a participar o a manifestarse pueden ser procesados o privados de libertad cuando el imperativo jur\u00eddico es que el reproche legal a conductas de chicos debe ser la \u00faltima ratio por el menor tiempo posible y por situaciones menores excepcionales\u00bb, se\u00f1al\u00f3.<br \/>\nFuente: T\u00e9lam<br \/>\nOp: Rivero Cecilia<\/p>\n","protected":false},"excerpt":{"rendered":"<p>El plenario de comisiones de la C\u00e1mara de Diputados realizar\u00e1 este mi\u00e9rcoles una nueva jornada de debate del proyecto de ley de \u00abBases y Puntos de Partida para la Libertad de los Argentinos\u00bb, impulsado por el Poder Ejecutivo, en lo que ser\u00e1 el sexto encuentro, luego de que el martes debatieron la norma organizaciones no gubernamentales, organismos de Derechos Humanos, entidades empresarias y sectores de la sociedad civil.<\/p>\n<p>El encuentro de este mi\u00e9rcoles est\u00e1 previsto para las 10, luego de que el martes las deliberaciones se extendieron por nueve horas en las que expusieron la presidenta de Abuelas de Plaza de Mayo, Estela Carlotto; la titular de la Defensor\u00eda de los Derechos de Ni\u00f1os y Adolescentes, Marisa Graham; la funcionaria del Inadi Julia Amori, referentes de la Uni\u00f3n de Industrial Argentina y la Fundaci\u00f3n Huesped, la jurista Aida Kemelmajer, y el padre de Micaela, quien inspir\u00f3 la Ley Micaela contra la violencia de g\u00e9nero, entre otros.<\/p>\n<p>Adem\u00e1s hablaron el titular de la Federaci\u00f3..<\/p>\n","protected":false},"author":2,"featured_media":16492,"comment_status":"","ping_status":"","sticky":false,"template":"","format":"standard","meta":{"footnotes":""},"categories":[12],"tags":[],"_links":{"self":[{"href":"https:\/\/maxradio923.com.ar\/index.php\/wp-json\/wp\/v2\/posts\/16491"}],"collection":[{"href":"https:\/\/maxradio923.com.ar\/index.php\/wp-json\/wp\/v2\/posts"}],"about":[{"href":"https:\/\/maxradio923.com.ar\/index.php\/wp-json\/wp\/v2\/types\/post"}],"author":[{"embeddable":true,"href":"https:\/\/maxradio923.com.ar\/index.php\/wp-json\/wp\/v2\/users\/2"}],"replies":[{"embeddable":true,"href":"https:\/\/maxradio923.com.ar\/index.php\/wp-json\/wp\/v2\/comments?post=16491"}],"version-history":[{"count":0,"href":"https:\/\/maxradio923.com.ar\/index.php\/wp-json\/wp\/v2\/posts\/16491\/revisions"}],"wp:featuredmedia":[{"embeddable":true,"href":"https:\/\/maxradio923.com.ar\/index.php\/wp-json\/wp\/v2\/media\/16492"}],"wp:attachment":[{"href":"https:\/\/maxradio923.com.ar\/index.php\/wp-json\/wp\/v2\/media?parent=16491"}],"wp:term":[{"taxonomy":"category","embeddable":true,"href":"https:\/\/maxradio923.com.ar\/index.php\/wp-json\/wp\/v2\/categories?post=16491"},{"taxonomy":"post_tag","embeddable":true,"href":"https:\/\/maxradio923.com.ar\/index.php\/wp-json\/wp\/v2\/tags?post=16491"}],"curies":[{"name":"wp","href":"https:\/\/api.w.org\/{rel}","templated":true}]}}